{"id":3577,"date":"2024-11-24T12:30:28","date_gmt":"2024-11-24T11:30:28","guid":{"rendered":"https:\/\/www.ipabperiminoridivicenza.it\/?p=3577"},"modified":"2024-11-24T12:30:29","modified_gmt":"2024-11-24T11:30:29","slug":"ipab-minori-incontra-i-comitati-genitori","status":"publish","type":"post","link":"https:\/\/www.ipabperiminoridivicenza.it\/?p=3577","title":{"rendered":"IPAB MINORI INCONTRA I COMITATI GENITORI"},"content":{"rendered":"\n<p>Il Consiglio di Amministrazione di IPAB per i Minori incontra i Comitati Genitori degli Istituti Comprensivi della cit\u00e0 di Vicenza, per avviare un percorso e una progettazione condivisa per le attivit\u00e0 da rivolgere ai minori in et\u00e0 scolastica. L&#8217;appuntamento \u00e8 fissato per mercoled\u00ec 27 novembre 2024, ore 20.30, presso il centro civico &#8220;villa Lattes&#8221;, via Thaon di Revel 39. info@ipabperiminoridivicenza.it<\/p>\n\n\n\n<p><\/p>\n","protected":false},"excerpt":{"rendered":"<p>Il Consiglio di Amministrazione di IPAB per i Minori incontra i Comitati Genitori degli Istituti Comprensivi della cit\u00e0 di Vicenza, per avviare un percorso e una progettazione condivisa per le&#8230;<\/p>\n","protected":false},"author":2,"featured_media":0,"comment_status":"closed","ping_status":"closed","sticky":false,"template":"","format":"standard","meta":{"footnotes":""},"categories":[1],"tags":[],"_links":{"self":[{"href":"https:\/\/www.ipabperiminoridivicenza.it\/index.php?rest_route=\/wp\/v2\/posts\/3577"}],"collection":[{"href":"https:\/\/www.ipabperiminoridivicenza.it\/index.php?rest_route=\/wp\/v2\/posts"}],"about":[{"href":"https:\/\/www.ipabperiminoridivicenza.it\/index.php?rest_route=\/wp\/v2\/types\/post"}],"author":[{"embeddable":true,"href":"https:\/\/www.ipabperiminoridivicenza.it\/index.php?rest_route=\/wp\/v2\/users\/2"}],"replies":[{"embeddable":true,"href":"https:\/\/www.ipabperiminoridivicenza.it\/index.php?rest_route=%2Fwp%2Fv2%2Fcomments&post=3577"}],"version-history":[{"count":1,"href":"https:\/\/www.ipabperiminoridivicenza.it\/index.php?rest_route=\/wp\/v2\/posts\/3577\/revisions"}],"predecessor-version":[{"id":3578,"href":"https:\/\/www.ipabperiminoridivicenza.it\/index.php?rest_route=\/wp\/v2\/posts\/3577\/revisions\/3578"}],"wp:attachment":[{"href":"https:\/\/www.ipabperiminoridivicenza.it\/index.php?rest_route=%2Fwp%2Fv2%2Fmedia&parent=3577"}],"wp:term":[{"taxonomy":"category","embeddable":true,"href":"https:\/\/www.ipabperiminoridivicenza.it\/index.php?rest_route=%2Fwp%2Fv2%2Fcategories&post=3577"},{"taxonomy":"post_tag","embeddable":true,"href":"https:\/\/www.ipabperiminoridivicenza.it\/index.php?rest_route=%2Fwp%2Fv2%2Ftags&post=3577"}],"curies":[{"name":"wp","href":"https:\/\/api.w.org\/{rel}","templated":true}]}}