{"id":3249,"date":"2022-11-19T16:25:18","date_gmt":"2022-11-19T15:25:18","guid":{"rendered":"http:\/\/www.ipabperiminoridivicenza.it\/?p=3249"},"modified":"2022-11-19T16:25:18","modified_gmt":"2022-11-19T15:25:18","slug":"20-novembre-giornata-internazionale-dei-diritti-dei-minori-2","status":"publish","type":"post","link":"https:\/\/www.ipabperiminoridivicenza.it\/?p=3249","title":{"rendered":"20 NOVEMBRE, GIORNATA INTERNAZIONALE DEI DIRITTI DEI MINORI."},"content":{"rendered":"<div class=\"v1rcmBody\">\n<p>Il 20 novembre si celebra la \u201c<strong><em>Giornata internazionale dei diritti dell\u2019infanzia e dell\u2019adolescenza<\/em><\/strong>\u201c, a ricordo dell\u2019approvazione della Convenzione sui diritti dell\u2019infanzia, avvenuta da parte dell\u2019Assemblea Generale delle Nazioni Unite il 20 novembre 1989.<\/p>\n<p>Il Presidente, <strong>Gian Pietro Santinon<\/strong>, illustra l\u2019adesione di IPAB per i Minori di Vicenza alle celebrazioni per questo anniversario.<\/p>\n<p>\u201c<em>Anniversario che non deve essere stanca ritualit\u00e0, ma memoria costante della centralit\u00e0 che il tema della difesa dei diritti dei minori deve avere nelle agende politiche, ad ogni livello sia esso nazionale che locale. La difficile situazione del post-pandemia, dalla quale stiamo lentamente uscendo, non deve far calare attenzione e impegno. Le realt\u00e0, drammatiche, in cui vivono milioni di minori nel mondo, ma anche nel nostro Paese, devono vedere ogni giorno il nostro impegno. Nessuno pu\u00f2 sottrarsi: le generazioni future sono, oggi, l&#8217;Italia di domani. Le disparit\u00e0 territoriali, la povert\u00e0 educativa e relazionale, la perdita di futuro e le ancora troppe violenze sui pi\u00f9 piccoli ci dicono che la strada \u00e8 purtroppo ancora lunga.<br \/>\n<\/em><\/p>\n<p><em>Ecco che la giornata del 20 novembre ci ricorda come tutti i minori del mondo siano titolari di diritti civili, sociali, politici, culturali ed economici. <\/em><em>Tra questi diritti, e mi rivolgo con forza al Governo Italiano e al Presidente del Consiglio Giorgia Meloni, assume oggi un\u2019importanza particolare il diritto all&#8217;accoglienza, per quei minori che fuggono da situazioni di guerra, carestia e povert\u00e0. L&#8217;Italia deve saper essere all&#8217;altezza di questa sfida e di questo impegno: verso i pi\u00f9 piccoli ma anche verso il nostro stesso futuro.<\/em>\u201c.<\/p>\n<\/div>\n","protected":false},"excerpt":{"rendered":"<p>Il 20 novembre si celebra la \u201cGiornata internazionale dei diritti dell\u2019infanzia e dell\u2019adolescenza\u201c, a ricordo dell\u2019approvazione della Convenzione sui diritti dell\u2019infanzia, avvenuta da parte dell\u2019Assemblea Generale delle Nazioni Unite il&#8230;<\/p>\n","protected":false},"author":2,"featured_media":3251,"comment_status":"closed","ping_status":"closed","sticky":false,"template":"","format":"standard","meta":{"footnotes":""},"categories":[1],"tags":[],"_links":{"self":[{"href":"https:\/\/www.ipabperiminoridivicenza.it\/index.php?rest_route=\/wp\/v2\/posts\/3249"}],"collection":[{"href":"https:\/\/www.ipabperiminoridivicenza.it\/index.php?rest_route=\/wp\/v2\/posts"}],"about":[{"href":"https:\/\/www.ipabperiminoridivicenza.it\/index.php?rest_route=\/wp\/v2\/types\/post"}],"author":[{"embeddable":true,"href":"https:\/\/www.ipabperiminoridivicenza.it\/index.php?rest_route=\/wp\/v2\/users\/2"}],"replies":[{"embeddable":true,"href":"https:\/\/www.ipabperiminoridivicenza.it\/index.php?rest_route=%2Fwp%2Fv2%2Fcomments&post=3249"}],"version-history":[{"count":1,"href":"https:\/\/www.ipabperiminoridivicenza.it\/index.php?rest_route=\/wp\/v2\/posts\/3249\/revisions"}],"predecessor-version":[{"id":3250,"href":"https:\/\/www.ipabperiminoridivicenza.it\/index.php?rest_route=\/wp\/v2\/posts\/3249\/revisions\/3250"}],"wp:featuredmedia":[{"embeddable":true,"href":"https:\/\/www.ipabperiminoridivicenza.it\/index.php?rest_route=\/wp\/v2\/media\/3251"}],"wp:attachment":[{"href":"https:\/\/www.ipabperiminoridivicenza.it\/index.php?rest_route=%2Fwp%2Fv2%2Fmedia&parent=3249"}],"wp:term":[{"taxonomy":"category","embeddable":true,"href":"https:\/\/www.ipabperiminoridivicenza.it\/index.php?rest_route=%2Fwp%2Fv2%2Fcategories&post=3249"},{"taxonomy":"post_tag","embeddable":true,"href":"https:\/\/www.ipabperiminoridivicenza.it\/index.php?rest_route=%2Fwp%2Fv2%2Ftags&post=3249"}],"curies":[{"name":"wp","href":"https:\/\/api.w.org\/{rel}","templated":true}]}}