{"id":3156,"date":"2022-05-05T21:18:17","date_gmt":"2022-05-05T19:18:17","guid":{"rendered":"http:\/\/www.ipabperiminoridivicenza.it\/?p=3156"},"modified":"2022-05-05T21:18:17","modified_gmt":"2022-05-05T19:18:17","slug":"stanziati-18-mila-euro-per-i-centri-ricreativi-estivi-2022","status":"publish","type":"post","link":"https:\/\/www.ipabperiminoridivicenza.it\/?p=3156","title":{"rendered":"STANZIATI 18 MILA EURO PER I CENTRI RICREATIVI ESTIVI 2022."},"content":{"rendered":"<p style=\"text-align: justify;\">IPAB per i Minori stanzia quasi 18.000 euro per il sostegno alla partecipazione dei minori della citt\u00e0 di Vicenza ai centri e alle attivit\u00e0 ricreative estive. Lo ha deliberato il Consiglio di Amministrazione durante la seduta del 2 maggio scorso.<br \/>\nSi tratta di un sostegno diretto alle famiglie con maggiori difficolt\u00e0 economiche, teso a garantire la possibilit\u00e0 di partecipare alle iniziative estive a tutti i minori della citt\u00e0.<br \/>\n&#8220;<em>In un momento in cui l&#8217;emergenza sanitaria sembra regredire, garantendo il pieno avvio delle tante iniziative estive della citt\u00e0, ci accorgiamo di quanto importante sia sostenere la socialit\u00e0 dei minori oltre la scuola e le attivit\u00e0 ricreative estive<\/em> -dichiara il Presidente di IPAB per i Minori, <strong>Gian Pietro Santinon<\/strong>&#8211; <em>e ci\u00f2 attraverso il ricchissimo panorama delle proposte del Comune di Vicenza, delle realt\u00e0 parrocchiali, dell&#8217;associazionismo sportivo, culturale e di volontariato della citt\u00e0.<\/em>&#8220;.<br \/>\nIl contributo non viene erogato direttamente alle famiglie -che non devono pertanto avanzare alcuna domanda- ma verr\u00e0 corrisposto da IPAB per i Minori al soggetto organizzatore dell&#8217;attivit\u00e0 estiva presso il quale risulter\u00e0 inserito il minore. Le valutazioni sulle situazioni di fragilit\u00e0 economica della famiglia nonch\u00e8 sulla migliore attivit\u00e0 a cui avviare il minore, avvengono a cura dei Servizi Sociali e del Servizio Istruzione del Comune di Vicenza, che provvederanno a segnalare il caso e ad iscrivere il minore.<br \/>\nI soggetti organizzatori si dovranno impegnare, nell&#8217;ottica di una &#8220;citt\u00e0 solidale&#8221; a garantire una tariffa di iscrizione, che verr\u00e0 appunto saldata direttamente da IPAB per i Minori, pari al 70% della quota intera. Una particolare attenzione verr\u00e0 inoltre riservata alla disabilit\u00e0.<br \/>\n&#8220;<em>IPAB per i Minori torna ad essere braccio operativo del Comune di Vicenza nel sostegno alle necessit\u00e0 dei minori<\/em> -prosegue il Presidente Santinon-<em>. Attraverso la rete delle assistenti sociali e delle educatrici riusciremo a raggiungere qui minori esclusi dalla possibilit\u00e0 di partecipare alle attivit\u00e0 estive. Ringrazio gli Assessori Tosetto e Tolio per aver accolto questa rinnovata modalit\u00e0 operativa, che vede IPAB in totale sintonia con<\/em><em> l&#8217;Amministrazione Comunale.<\/em>&#8220;.<br \/>\nLo scorso anno sono stati oltre 100 i minori che hanno partecipato ad attivit\u00e0 estive grazie al sostegno di IPAB per i Minori.<\/p>\n","protected":false},"excerpt":{"rendered":"<p>IPAB per i Minori stanzia quasi 18.000 euro per il sostegno alla partecipazione dei minori della citt\u00e0 di Vicenza ai centri e alle attivit\u00e0 ricreative estive. Lo ha deliberato il&#8230;<\/p>\n","protected":false},"author":2,"featured_media":2799,"comment_status":"closed","ping_status":"closed","sticky":false,"template":"","format":"standard","meta":{"footnotes":""},"categories":[1],"tags":[],"_links":{"self":[{"href":"https:\/\/www.ipabperiminoridivicenza.it\/index.php?rest_route=\/wp\/v2\/posts\/3156"}],"collection":[{"href":"https:\/\/www.ipabperiminoridivicenza.it\/index.php?rest_route=\/wp\/v2\/posts"}],"about":[{"href":"https:\/\/www.ipabperiminoridivicenza.it\/index.php?rest_route=\/wp\/v2\/types\/post"}],"author":[{"embeddable":true,"href":"https:\/\/www.ipabperiminoridivicenza.it\/index.php?rest_route=\/wp\/v2\/users\/2"}],"replies":[{"embeddable":true,"href":"https:\/\/www.ipabperiminoridivicenza.it\/index.php?rest_route=%2Fwp%2Fv2%2Fcomments&post=3156"}],"version-history":[{"count":2,"href":"https:\/\/www.ipabperiminoridivicenza.it\/index.php?rest_route=\/wp\/v2\/posts\/3156\/revisions"}],"predecessor-version":[{"id":3158,"href":"https:\/\/www.ipabperiminoridivicenza.it\/index.php?rest_route=\/wp\/v2\/posts\/3156\/revisions\/3158"}],"wp:featuredmedia":[{"embeddable":true,"href":"https:\/\/www.ipabperiminoridivicenza.it\/index.php?rest_route=\/wp\/v2\/media\/2799"}],"wp:attachment":[{"href":"https:\/\/www.ipabperiminoridivicenza.it\/index.php?rest_route=%2Fwp%2Fv2%2Fmedia&parent=3156"}],"wp:term":[{"taxonomy":"category","embeddable":true,"href":"https:\/\/www.ipabperiminoridivicenza.it\/index.php?rest_route=%2Fwp%2Fv2%2Fcategories&post=3156"},{"taxonomy":"post_tag","embeddable":true,"href":"https:\/\/www.ipabperiminoridivicenza.it\/index.php?rest_route=%2Fwp%2Fv2%2Ftags&post=3156"}],"curies":[{"name":"wp","href":"https:\/\/api.w.org\/{rel}","templated":true}]}}