{"id":3021,"date":"2021-08-01T14:51:10","date_gmt":"2021-08-01T12:51:10","guid":{"rendered":"http:\/\/www.ipabperiminoridivicenza.it\/?p=3021"},"modified":"2021-08-01T14:53:47","modified_gmt":"2021-08-01T12:53:47","slug":"soroptimist-international-sostiene-i-progetti-di-ipab-per-i-minori-vicenza","status":"publish","type":"post","link":"https:\/\/www.ipabperiminoridivicenza.it\/?p=3021","title":{"rendered":"SOROPTIMIST INTERNATIONAL SOSTIENE I PROGETTI DI IPAB PER I MINORI VICENZA."},"content":{"rendered":"<p align=\"JUSTIFY\">Una delegazione del <strong>Club Soroptimist Vicenza<\/strong> ha incontrato, nei giorni scorsi, il vertice di <strong>IPAB per i Minori di Vicenza<\/strong>, rappresentato dal Presidente <strong>Gian Pietro Santinon<\/strong>.<\/p>\n<p align=\"JUSTIFY\">L&#8217;occasione ha visto la consegna, da parte della Presidente Soroptimist Vicenza, <strong>Avv. Luisetta Peronato<\/strong>, di un contributo di 1000 euro a sostegno delle attivit\u00e0 rivolte ai minori della citt\u00e0. Il contributo a favore di IPAB per i Minori rappresenta un service svolto dal Club nel corso del 2021, specificatamente dedicato alle sempre crescenti necessit\u00e0 di sostegno delle fasce pi\u00f9 giovani della popolazione.<\/p>\n<p align=\"JUSTIFY\">&#8220;<em>Ringrazio la presidente Peronato <\/em>-dichiara il Presidente IPAB <strong>Gian Pietro Santinon<\/strong>&#8211;<em> per l&#8217;attenzione e la generosit\u00e0 che il Club Soroptimist Vicenza ha saputo dimostrare verso i progetti di questa IPAB. Soroptimist \u00e8 una realt\u00e0 importante e attiva nel panorama dell&#8217;impegno civico per la nostra comunit\u00e0 e la sua finalit\u00e0 principale, riassunta nel motto &#8220;a global voice for woman&#8221; ben si sposa con il nostro impegno: per statuto questa IPAB deve sostenere i bisogni dei minori e delle madri e oggi declinare questo impegno significa anche sostenere ed incentivare la presenza delle donne nella societ\u00e0, nei centri decisionali, nelle professioni, nell&#8217;imprenditoria; significa sostenere politiche che non discriminino mai il tema della maternit\u00e0; significa contrastare, sempre e in primo luogo culturalmente, la violenza sulle donne che, non dimentichiamolo mai, \u00e8 molto spesso violenza anche contro i minori.<\/em>&#8220;.<\/p>\n<p align=\"JUSTIFY\">&#8220;<em>IPAB per i Minori \u00e8 un partner istituzionale con una storia dai tanti punti di contatto con l&#8217;impegno che, dal 1921, caratterizza Soroptimist International <\/em>-dichiara la Presidente del Club Vicenza, <strong>Luisetta Peronato<\/strong>&#8211;<em>. Basti pensare, ad inizio &#8216;900, al sostegno alle donne lavoratrici e alla prima banca del latte materno. Oggi le richieste che il Presidente Santinon ci ha illustrato sono diverse, ma sempre orientate a garantire sostegno a minori e madri, investimento per la nostra comunit\u00e0 di domani. Il Club Soroptimist di Vicenza \u00e8 ben lieto di contribuire promuovendo progetti di inserimento di minori con difficolt\u00e0 nelle attivit\u00e0 formative estive ed extra-scolastiche: tutte le bambine e i bambini devono avere piene ed uguali possibilit\u00e0. Solo cos\u00ec il nostro capitale umano, ricchezza per il nostro futuro, potr\u00e0 crescere e superare le povert\u00e0 relazionali, culturali, sociali ed economiche che caratterizzano questo momento storico della nostra comunit\u00e0.<\/em>&#8220;.<\/p>\n<p align=\"JUSTIFY\">&#8220;<em>Il mio \u00e8 un grazie non banale<\/em> -conclude il Presidente Santinon. <em>Le fragilit\u00e0 sono purtroppo in continua crescita, soprattutto dopo i periodi di lock down forzato di ogni attivit\u00e0 scolastica e relazionale per i minori. Parliamo di disagi comportamentali, alimentari, difficolt\u00e0 nell&#8217;apprendimento e nella relazione tra pari. L&#8217;attenzione verso questi bisogni, spesso nascosti, dimostra cura per la comunit\u00e0 e promuove un impegno che ha radici e valori profondi, attualizzandone il significato.<\/em>&#8220;.<\/p>\n<p align=\"JUSTIFY\">La cerimonia di consegna si \u00e8 svolta presso la sede di IPAB per i Minori, presenti il Presidente Gian Pietro Santinon e il prof. Alcide Norbiato, del Gruppo Progettuale Operativo. Per il Club Soroptimist di Vicenza erano presenti la Presidente, Avv. Luisetta Peronato, accompagnata dalla Vicepresidente prof.ssa Isabella Cominato, componente anche del Gruppo Progettuale di IPAB per i Minori di Vicenza.<\/p>\n","protected":false},"excerpt":{"rendered":"<p>Una delegazione del Club Soroptimist Vicenza ha incontrato, nei giorni scorsi, il vertice di IPAB per i Minori di Vicenza, rappresentato dal Presidente Gian Pietro Santinon. L&#8217;occasione ha visto la&#8230;<\/p>\n","protected":false},"author":2,"featured_media":3019,"comment_status":"closed","ping_status":"closed","sticky":false,"template":"","format":"standard","meta":{"footnotes":""},"categories":[1],"tags":[],"_links":{"self":[{"href":"https:\/\/www.ipabperiminoridivicenza.it\/index.php?rest_route=\/wp\/v2\/posts\/3021"}],"collection":[{"href":"https:\/\/www.ipabperiminoridivicenza.it\/index.php?rest_route=\/wp\/v2\/posts"}],"about":[{"href":"https:\/\/www.ipabperiminoridivicenza.it\/index.php?rest_route=\/wp\/v2\/types\/post"}],"author":[{"embeddable":true,"href":"https:\/\/www.ipabperiminoridivicenza.it\/index.php?rest_route=\/wp\/v2\/users\/2"}],"replies":[{"embeddable":true,"href":"https:\/\/www.ipabperiminoridivicenza.it\/index.php?rest_route=%2Fwp%2Fv2%2Fcomments&post=3021"}],"version-history":[{"count":1,"href":"https:\/\/www.ipabperiminoridivicenza.it\/index.php?rest_route=\/wp\/v2\/posts\/3021\/revisions"}],"predecessor-version":[{"id":3022,"href":"https:\/\/www.ipabperiminoridivicenza.it\/index.php?rest_route=\/wp\/v2\/posts\/3021\/revisions\/3022"}],"wp:featuredmedia":[{"embeddable":true,"href":"https:\/\/www.ipabperiminoridivicenza.it\/index.php?rest_route=\/wp\/v2\/media\/3019"}],"wp:attachment":[{"href":"https:\/\/www.ipabperiminoridivicenza.it\/index.php?rest_route=%2Fwp%2Fv2%2Fmedia&parent=3021"}],"wp:term":[{"taxonomy":"category","embeddable":true,"href":"https:\/\/www.ipabperiminoridivicenza.it\/index.php?rest_route=%2Fwp%2Fv2%2Fcategories&post=3021"},{"taxonomy":"post_tag","embeddable":true,"href":"https:\/\/www.ipabperiminoridivicenza.it\/index.php?rest_route=%2Fwp%2Fv2%2Ftags&post=3021"}],"curies":[{"name":"wp","href":"https:\/\/api.w.org\/{rel}","templated":true}]}}