{"id":2988,"date":"2021-06-25T17:02:29","date_gmt":"2021-06-25T15:02:29","guid":{"rendered":"http:\/\/www.ipabperiminoridivicenza.it\/?p=2988"},"modified":"2021-06-25T17:03:19","modified_gmt":"2021-06-25T15:03:19","slug":"unione-nazionale-cavalieri-ditalia-2000-euro-raccolti-e-donati-ad-ipab-per-i-minori-di-vicenza","status":"publish","type":"post","link":"https:\/\/www.ipabperiminoridivicenza.it\/?p=2988","title":{"rendered":"UNIONE NAZIONALE CAVALIERI D&#8217;ITALIA, 2000 EURO RACCOLTI E DONATI AD IPAB PER I MINORI DI VICENZA"},"content":{"rendered":"<p style=\"text-align: justify;\"><strong>UNIONE NAZIONALE CAVALIERI D&#8217;ITALIA, 2000 EURO RACCOLTI E DONATI AD IPAB PER I MINORI DI VICENZA<\/strong><\/p>\n<p style=\"text-align: justify;\">Una delegazione della sezione provinciale dell&#8217;Unione Nazionale Cavalieri d&#8217;Italia (UNCI), guidata dal <strong>Presidente Dott. Comm. Vincenzo Riboni<\/strong>, ha consegnato oggi al <strong>Presidente di IPAB per i Minori di Vicenza, Gian Pietro Santinon<\/strong>, la somma di 2000 euro da destinarsi ai progetti di IPAB, inseriti nella proposta annuale di &#8220;Una rete per i Minori 2021&#8221;.<br \/>\nFin dal Natale 2019 la sezione vicentina dell&#8217;UNCI ha finalizzato una raccolta fondi da destinarsi alle attivit\u00e0 di sostegno dei minori della citt\u00e0. La raccolta fondi tra i soci \u00e8 proseguita nel 2020 e, complici le limitazioni dettate dall&#8217;emergenza epidemiologica, solo oggi si \u00e8 concretizzata la consegna dell&#8217;importante contributo.<\/p>\n<p style=\"text-align: justify;\">&#8220;<em>L&#8217;impegno delle Dame e dei Cavalieri della sezione provinciale<\/em> -dichiara il <strong>Presidente UNCI Vincenzo Riboni<\/strong>&#8211; <em>\u00e8 stato importante, a favore dell&#8217;impegno e dell&#8217;attenzione verso le fragilit\u00e0 che ogni giorno le Istituzioni si trovano a dover gestire e sostenere. Per la nostra sezione l&#8217;impegno verso il sociale \u00e8 costante, convinti come siamo che l&#8217;onorificenza di cui siamo stati insigniti debba assumere un significato quotidiano all&#8217;interno della nostra comunit\u00e0; un significato di impegno, dedizione, attenzione, generosit\u00e0 e gratuit\u00e0. Abbiamo individuato in IPAB per i Minori di Vicenza un&#8217;istituzione pubblica seria e concreta, destinata per statuto a garantire sostegno ai pi\u00f9 piccoli, che <\/em><em>saranno la nostra Nazione e citt\u00e0 di domani. Ecco che abbiamo voluto garantire, in modo specifico, la partecipazione di almeno 20 minori alle attivit\u00e0 di campo scuola estivo, quale momento di socialit\u00e0, educazione, relazione e gioco.<\/em>&#8220;.<\/p>\n<p style=\"text-align: justify;\">&#8220;<em>Ringrazio tutti i Cavalieri e le Dame della sezione di Vicenza<\/em> -dichiara il <strong>Presidente di IPAB per i Minori Gian Pietro Santinon<\/strong>&#8211; <em>e con loro in modo particolare il presidente e amico Vincenzo Riboni. La loro generosit\u00e0 e attenzione verso i pi\u00f9 piccoli consentir\u00e0 ad ulteriori 20 ragazzi e ragazze la partecipazione ad attivit\u00e0 estive. Le fragilit\u00e0 stanno letteralmente esplodendo ed \u00e8 quanto mai importante garantire piene opportunit\u00e0 a tutti, anche alle famiglie che non potrebbero permettersi la partecipazione dei loro ragazzi alle attivit\u00e0 estive. Ci\u00f2 assume un&#8217;importanza ancora maggiore dopo oltre un anno di socialit\u00e0 sospesa, di scuola a distanza e di relazioni tra pari virtuali se non assenti. Il quadro dei benefici che le attivit\u00e0 per questi minori porter\u00e0, sia ai diretti interessati che alla nostra comunit\u00e0, \u00e8 incommensurabile. E di questo ringrazio gli amici dell&#8217;UNCI, che rinnovano con questo gesto i valori profondi delle onorificenze di cui sono insigniti, attualizzandone ilsignificato.<\/em>&#8220;.<\/p>\n<p style=\"text-align: justify;\">La cerimonia di consegna si \u00e8 svolta presso la sede di IPAB per i Minori. Per la sezione UNCI di Vicenza erano presenti il Presidente, Comm. Vincenzo Riboni, accompagnato dal Vicepresidente Cav. Uff. Pierangelo Cangini, dal Cav. Giovanni La Face, dal Cav. Uff. Silvano Miotello e dal Cav. Uff. Gianfranco Michelazzo. Il Presidente di IPAB per i Minori di Vicenza, Gian Pietro Santnon, ha accolto la delegazione UNCI con i componenti del Gruppo Progettuale Operativo, prof. Giuseppe Malfermoni e prof.ssa Isabella Cominato.<\/p>\n","protected":false},"excerpt":{"rendered":"<p>UNIONE NAZIONALE CAVALIERI D&#8217;ITALIA, 2000 EURO RACCOLTI E DONATI AD IPAB PER I MINORI DI VICENZA Una delegazione della sezione provinciale dell&#8217;Unione Nazionale Cavalieri d&#8217;Italia (UNCI), guidata dal Presidente Dott&#8230;.<\/p>\n","protected":false},"author":2,"featured_media":2986,"comment_status":"closed","ping_status":"closed","sticky":false,"template":"","format":"standard","meta":{"footnotes":""},"categories":[1],"tags":[],"_links":{"self":[{"href":"https:\/\/www.ipabperiminoridivicenza.it\/index.php?rest_route=\/wp\/v2\/posts\/2988"}],"collection":[{"href":"https:\/\/www.ipabperiminoridivicenza.it\/index.php?rest_route=\/wp\/v2\/posts"}],"about":[{"href":"https:\/\/www.ipabperiminoridivicenza.it\/index.php?rest_route=\/wp\/v2\/types\/post"}],"author":[{"embeddable":true,"href":"https:\/\/www.ipabperiminoridivicenza.it\/index.php?rest_route=\/wp\/v2\/users\/2"}],"replies":[{"embeddable":true,"href":"https:\/\/www.ipabperiminoridivicenza.it\/index.php?rest_route=%2Fwp%2Fv2%2Fcomments&post=2988"}],"version-history":[{"count":1,"href":"https:\/\/www.ipabperiminoridivicenza.it\/index.php?rest_route=\/wp\/v2\/posts\/2988\/revisions"}],"predecessor-version":[{"id":2989,"href":"https:\/\/www.ipabperiminoridivicenza.it\/index.php?rest_route=\/wp\/v2\/posts\/2988\/revisions\/2989"}],"wp:featuredmedia":[{"embeddable":true,"href":"https:\/\/www.ipabperiminoridivicenza.it\/index.php?rest_route=\/wp\/v2\/media\/2986"}],"wp:attachment":[{"href":"https:\/\/www.ipabperiminoridivicenza.it\/index.php?rest_route=%2Fwp%2Fv2%2Fmedia&parent=2988"}],"wp:term":[{"taxonomy":"category","embeddable":true,"href":"https:\/\/www.ipabperiminoridivicenza.it\/index.php?rest_route=%2Fwp%2Fv2%2Fcategories&post=2988"},{"taxonomy":"post_tag","embeddable":true,"href":"https:\/\/www.ipabperiminoridivicenza.it\/index.php?rest_route=%2Fwp%2Fv2%2Ftags&post=2988"}],"curies":[{"name":"wp","href":"https:\/\/api.w.org\/{rel}","templated":true}]}}