{"id":2911,"date":"2021-04-02T15:00:40","date_gmt":"2021-04-02T13:00:40","guid":{"rendered":"http:\/\/www.ipabperiminoridivicenza.it\/?p=2911"},"modified":"2021-04-02T15:01:17","modified_gmt":"2021-04-02T13:01:17","slug":"ipab-per-i-minori-approvato-il-bilancio-2020-con-30mila-euro-di-utili","status":"publish","type":"post","link":"https:\/\/www.ipabperiminoridivicenza.it\/?p=2911","title":{"rendered":"IPAB PER I MINORI, APPROVATO IL BILANCIO 2020 CON 30mila EURO DI UTILI."},"content":{"rendered":"<p style=\"text-align: justify;\" align=\"JUSTIFY\"><span style=\"font-family: Arial, sans-serif;\"><span style=\"font-size: small;\"><b>IPAB PER I MINORI, APPROVATO IL BILANCIO 2020 CON 30MILA EURO DI UTILE<\/b><\/span><\/span><\/p>\n<p style=\"text-align: justify;\" align=\"JUSTIFY\"><span style=\"font-family: Arial, sans-serif;\"><span style=\"font-size: small;\">Il Consiglio di Amministrazione di IPAB per i Minori di Vicenza, nella seduta del 31 marzo, ha approvato il bilancio d&#8217;esercizio per l&#8217;anno 2020, che presenta un utile di oltre 30mila euro.<\/span><\/span><\/p>\n<p style=\"text-align: justify;\" align=\"JUSTIFY\"><span style=\"font-family: Arial, sans-serif;\"><span style=\"font-size: small;\">&#8220;<\/span><\/span><span style=\"font-family: Arial, sans-serif;\"><span style=\"font-size: small;\"><i>In una situazione certamente non facile, caratterizzata da una pesante fase economica e sociale, IPAB per i Minori prosegue la sua attivit\u00e0 destinando immediatamente l&#8217;utile del 2020 alle attivit\u00e0 a favore dei minori Vicentini.<\/i><\/span><\/span><span style=\"font-family: Arial, sans-serif;\"><span style=\"font-size: small;\">&#8220;. <\/span><\/span><\/p>\n<p style=\"text-align: justify;\" align=\"JUSTIFY\"><span style=\"font-family: Arial, sans-serif;\"><span style=\"font-size: small;\">Il Presidente di IPAB per i Minori,\u00a0<\/span><\/span><span style=\"font-family: Arial, sans-serif;\"><span style=\"font-size: small;\"><b>Gian Pietro Santinon<\/b><\/span><\/span><span style=\"font-family: Arial, sans-serif;\"><span style=\"font-size: small;\">, prosegue indicando come &#8220;<\/span><\/span><span style=\"font-family: Arial, sans-serif;\"><span style=\"font-size: small;\"><i>l&#8217;Ente presenti un patrimonio solido e ben amministrato, con il 100% di locazioni attive e, quindi, il massimo rendimento da immobili. Le seppur piccole dimensioni consentono di valorizzare tutte le risorse, destinando anche per il 2021 oltre 65mila euro a favore di progetti di contrasto alla povert\u00e0 relazionale, educativa, economica e sociale di tante famiglie vicentine, i cui minori rischiano di pagare pi\u00f9 di tutti le conseguenze di questa terribile pandemia.<\/i><\/span><\/span><span style=\"font-family: Arial, sans-serif;\"><span style=\"font-size: small;\">&#8220;.<\/span><\/span><\/p>\n<p style=\"text-align: justify;\" align=\"JUSTIFY\"><span style=\"font-family: Arial, sans-serif;\"><span style=\"font-size: small;\">L&#8217;attivit\u00e0 di IPAB per i Minori di Vicenza, Istituzione che raccoglie l&#8217;eredit\u00e0 di quattro storiche Opere Pie della citt\u00e0, si struttura anche per l&#8217;anno 2021 attraverso molteplici progetti destinati al sostegno della minore et\u00e0.<\/span><\/span><\/p>\n","protected":false},"excerpt":{"rendered":"<p>IPAB PER I MINORI, APPROVATO IL BILANCIO 2020 CON 30MILA EURO DI UTILE Il Consiglio di Amministrazione di IPAB per i Minori di Vicenza, nella seduta del 31 marzo, ha&#8230;<\/p>\n","protected":false},"author":2,"featured_media":1373,"comment_status":"closed","ping_status":"closed","sticky":false,"template":"","format":"standard","meta":{"footnotes":""},"categories":[1],"tags":[],"_links":{"self":[{"href":"https:\/\/www.ipabperiminoridivicenza.it\/index.php?rest_route=\/wp\/v2\/posts\/2911"}],"collection":[{"href":"https:\/\/www.ipabperiminoridivicenza.it\/index.php?rest_route=\/wp\/v2\/posts"}],"about":[{"href":"https:\/\/www.ipabperiminoridivicenza.it\/index.php?rest_route=\/wp\/v2\/types\/post"}],"author":[{"embeddable":true,"href":"https:\/\/www.ipabperiminoridivicenza.it\/index.php?rest_route=\/wp\/v2\/users\/2"}],"replies":[{"embeddable":true,"href":"https:\/\/www.ipabperiminoridivicenza.it\/index.php?rest_route=%2Fwp%2Fv2%2Fcomments&post=2911"}],"version-history":[{"count":2,"href":"https:\/\/www.ipabperiminoridivicenza.it\/index.php?rest_route=\/wp\/v2\/posts\/2911\/revisions"}],"predecessor-version":[{"id":2913,"href":"https:\/\/www.ipabperiminoridivicenza.it\/index.php?rest_route=\/wp\/v2\/posts\/2911\/revisions\/2913"}],"wp:featuredmedia":[{"embeddable":true,"href":"https:\/\/www.ipabperiminoridivicenza.it\/index.php?rest_route=\/wp\/v2\/media\/1373"}],"wp:attachment":[{"href":"https:\/\/www.ipabperiminoridivicenza.it\/index.php?rest_route=%2Fwp%2Fv2%2Fmedia&parent=2911"}],"wp:term":[{"taxonomy":"category","embeddable":true,"href":"https:\/\/www.ipabperiminoridivicenza.it\/index.php?rest_route=%2Fwp%2Fv2%2Fcategories&post=2911"},{"taxonomy":"post_tag","embeddable":true,"href":"https:\/\/www.ipabperiminoridivicenza.it\/index.php?rest_route=%2Fwp%2Fv2%2Ftags&post=2911"}],"curies":[{"name":"wp","href":"https:\/\/api.w.org\/{rel}","templated":true}]}}