{"id":2646,"date":"2020-04-11T12:02:39","date_gmt":"2020-04-11T10:02:39","guid":{"rendered":"http:\/\/www.ipabperiminoridivicenza.it\/?p=2646"},"modified":"2020-04-11T12:02:39","modified_gmt":"2020-04-11T10:02:39","slug":"ipab-per-i-minori-la-cittadinanza-condivida-i-propri-accessi-wireless","status":"publish","type":"post","link":"https:\/\/www.ipabperiminoridivicenza.it\/?p=2646","title":{"rendered":"IPAB PER I MINORI: LA CITTADINANZA CONDIVIDA I PROPRI ACCESSI WIRELESS"},"content":{"rendered":"<p style=\"text-align: justify;\"><strong>IPAB PER I MINORI: LA CITTADINANZA CONDIVIDA I PROPRI ACCESSI WIRELESS<\/strong><\/p>\n<p style=\"text-align: justify;\">&#8220;<em>La didattica a distanza, ma anche la socialit\u00e0 attraverso la rete, sono due importanti scommesse di questo periodo di lockdown.<\/em>&#8220;.<\/p>\n<p style=\"text-align: justify;\">Il Presidente di IPAB per i Minori di Vicenza, <strong>Gian Pietro Santinon<\/strong>, avanza una proposta per favorire l&#8217;accesso alla rete anche da parte di chi non ne ha la possibilit\u00e0, tecnologiche o economiche.<\/p>\n<p style=\"text-align: justify;\">&#8220;<em>La disponibilit\u00e0 di un accesso alla rete si \u00e8 rivelato fondamentale nella gestione di queste restrizioni ma, al tempo stesso, ha dimostrato di essere un fattore limitante. Mi riferisco soprattutto alla didattica a distanza, dalla quale risultano escluse alcune fasce della popolazione scolastica con minori disponibilit\u00e0 da parte delle famiglie o con situazioni di complessit\u00e0, non ultima la povert\u00e0 relazionale dello stesso nucleo famigliare.<\/em><\/p>\n<p style=\"text-align: justify;\"><em>L&#8217;invito \u00e8 quello di riscoprire una solidariet\u00e0 tra vicini, di prossimit\u00e0, nel proprio condominio e tra abitazioni confinanti. Le reti spesso consentono un collegamento anche tra abitazioni attigue: ecco che la conoscenza diretta delle eventuali difficolt\u00e0 e, quindi, necessit\u00e0 pu\u00f2 essere preziosa, mettendo a disposizione un accesso alla rete altrimenti impossibile.<\/em><\/p>\n<p style=\"text-align: justify;\"><em>Il gap tecnologico rischia di colpire studenti magari gi\u00e0 in difficolt\u00e0: dobbiamo fare in modo, attraverso piccole condivisioni quotidiane, di creare vera integrazione garantendo a tutti le stesse opportunit\u00e0. Mi associo appieno alla preoccupazione espressa dall&#8217;Assessore Tolio, che invita a dotare di PC gli studenti che non possono partecipare alle lezioni on line. Ma a questa azione dobbiamo affiancare anche il tema dell&#8217;accesso alla rete: Vicenza sappia promuovere delle <strong>connessioni condivise e solidali<\/strong>.<\/em>&#8220;.<\/p>\n<p style=\"text-align: justify;\">L&#8217;invito del Presidente di IPAB per i Minori \u00e8 quello di organizzarsi all&#8217;interno di condomini e ambiti residenziali di vicinato. Semplicemente affiggendo un avviso sul vano scale o contattando direttamente le famiglie che sappiamo essere maggiormente in difficolt\u00e0 \u00e8 possibile aiutare e sostenere la formazione a distanza: un gesto di condivisione che \u00e8 investimento per il futuro della nostra comunit\u00e0.<\/p>\n","protected":false},"excerpt":{"rendered":"<p>IPAB PER I MINORI: LA CITTADINANZA CONDIVIDA I PROPRI ACCESSI WIRELESS &#8220;La didattica a distanza, ma anche la socialit\u00e0 attraverso la rete, sono due importanti scommesse di questo periodo di&#8230;<\/p>\n","protected":false},"author":2,"featured_media":2648,"comment_status":"closed","ping_status":"closed","sticky":false,"template":"","format":"standard","meta":{"footnotes":""},"categories":[1],"tags":[],"_links":{"self":[{"href":"https:\/\/www.ipabperiminoridivicenza.it\/index.php?rest_route=\/wp\/v2\/posts\/2646"}],"collection":[{"href":"https:\/\/www.ipabperiminoridivicenza.it\/index.php?rest_route=\/wp\/v2\/posts"}],"about":[{"href":"https:\/\/www.ipabperiminoridivicenza.it\/index.php?rest_route=\/wp\/v2\/types\/post"}],"author":[{"embeddable":true,"href":"https:\/\/www.ipabperiminoridivicenza.it\/index.php?rest_route=\/wp\/v2\/users\/2"}],"replies":[{"embeddable":true,"href":"https:\/\/www.ipabperiminoridivicenza.it\/index.php?rest_route=%2Fwp%2Fv2%2Fcomments&post=2646"}],"version-history":[{"count":1,"href":"https:\/\/www.ipabperiminoridivicenza.it\/index.php?rest_route=\/wp\/v2\/posts\/2646\/revisions"}],"predecessor-version":[{"id":2647,"href":"https:\/\/www.ipabperiminoridivicenza.it\/index.php?rest_route=\/wp\/v2\/posts\/2646\/revisions\/2647"}],"wp:featuredmedia":[{"embeddable":true,"href":"https:\/\/www.ipabperiminoridivicenza.it\/index.php?rest_route=\/wp\/v2\/media\/2648"}],"wp:attachment":[{"href":"https:\/\/www.ipabperiminoridivicenza.it\/index.php?rest_route=%2Fwp%2Fv2%2Fmedia&parent=2646"}],"wp:term":[{"taxonomy":"category","embeddable":true,"href":"https:\/\/www.ipabperiminoridivicenza.it\/index.php?rest_route=%2Fwp%2Fv2%2Fcategories&post=2646"},{"taxonomy":"post_tag","embeddable":true,"href":"https:\/\/www.ipabperiminoridivicenza.it\/index.php?rest_route=%2Fwp%2Fv2%2Ftags&post=2646"}],"curies":[{"name":"wp","href":"https:\/\/api.w.org\/{rel}","templated":true}]}}