{"id":2386,"date":"2019-10-04T09:43:34","date_gmt":"2019-10-04T07:43:34","guid":{"rendered":"http:\/\/www.ipabperiminoridivicenza.it\/?p=2386"},"modified":"2019-10-04T09:45:30","modified_gmt":"2019-10-04T07:45:30","slug":"ipab-per-i-minori-al-via-il-coordinamento-delle-scuole-di-italiano-per-mamme-straniere","status":"publish","type":"post","link":"https:\/\/www.ipabperiminoridivicenza.it\/?p=2386","title":{"rendered":"IPAB MINORI: COORDINAMENTO SCUOLE DI ITALIANO PER MAMME STRANIERE."},"content":{"rendered":"<p style=\"text-align: justify;\">Si \u00e8 svolto mercoled\u00ec pomeriggio il primo tavolo di coordinamento tra le varie realt\u00e0 cittadine che promuovono scuole di italiano per stranieri. IPAB per i Minori di Vicenza, nell&#8217;ambito delle proprie finalit\u00e0 statutarie, promuove ed investe, nella programmazione annuale, per l&#8217;attivazione di corsi di italiano specificatamente dedicati a mamme straniere.<\/p>\n<p style=\"text-align: justify;\">&#8220;<em>Il tavolo attivato ieri<\/em>\u00a0-dichiara\u00a0il <strong>Vicepresidente di IPAB per i Minori, Liliana Zocca<\/strong>&#8211;<em>\u00a0ha dimostrato una straordinaria vivacit\u00e0 e ricchezza del mondo associativo ed istituzionale sul tema dell&#8217;insegnamento della lingua italiana agli stranieri. IPAB per i Minori ha deciso di investire annualmente in un progetto che vede sia l&#8217;attivazione di corsi specificatamente dedicati alle mamme che il coordinamento tra le diverse realt\u00e0 cittadine, la cui risposta \u00e8 stata straordinaria in termini di proposta e di qualit\u00e0 ed articolazione dell&#8217;offerta.\u00a0<\/em><\/p>\n<p style=\"text-align: justify;\"><em>IPAB per i Minori di Vicenza ha voluto fortemente impegnarsi e caratterizzare la sua azione, a partire dallo scorso anno, sul tema della scuola di italiano per mamme straniere. Ha voluto promuovere un momento di incontro perch\u00e9 nella frase &#8220;scuola di italiano per mamme straniere&#8221; si racchiudono molti dei valori che, statutariamente, IPAB per i Minori vuole perseguire all&#8217;interno e a favore della comunit\u00e0 vicentina.<\/em><\/p>\n<p style=\"text-align: justify;\"><em>In primis un aiuto concreto alle madri, all&#8217;essere madre nella quotidianit\u00e0, quale prima e pi\u00f9 importante pre-condizione per il bene del minore. In secondo luogo quale politica di integrazione attiva, che vede la nostra lingua quale veicolo culturale: vivere in un paese, l&#8217;Italia, che \u00e8 capace di ospitare ed integrare richiede condivisione di valori, rispetto di regole, necessit\u00e0 di relazioni positive che solo la conoscenza della lingua nazionale consente. Ecco perch\u00e9 siamo convinti che investire nell&#8217;insegnamento della nostra lingua a giovani madri straniere sia un investimento moltiplicatore: il nucleo famigliare -di cui la donna \u00e8 motore e perno centrale- pu\u00f2 integrarsi; i minori possono essere seguiti nelle loro necessit\u00e0 esterne al nucleo famigliare stesso; la rete sociale pu\u00f2 attivarsi accanto alla famiglia con minori difficolt\u00e0. L&#8217;investimento in questa attivit\u00e0 \u00e8 dunque una scelta politica, nel senso migliore e pi\u00f9 alto del termine: una delle poche che le sempre minori risorse disponibili per il sociale pu\u00f2 fare uscendo dalla gestione dell&#8217;emergenza. Crediamo fortemente che l&#8217;integrazione del minore straniero sia l&#8217;unico concreto investimento per e verso una societ\u00e0 che, inevitabilmente, sar\u00e0 sempre pi\u00f9 multietnica, ma che deve restare italiana. E la lingua \u00e8 veicolo di integrazione principe.<\/em><\/p>\n<p style=\"text-align: justify;\"><em>Ecco dunque l&#8217;investimento di IPAB per i Minori di Vicenza, pari a 5500 euro annui, che insieme agli Istituti comprensivi coinvolti, al CPIA e all&#8217;Amministrazione Comunale vuole, da un lato incrementare la propria offerta diretta di corsi, con certificazione finale, e dall&#8217;altra essere coordinamento di tante e diverse iniziative presenti in citt\u00e0, offrendo promozione, sostegno e cornice unitaria di iniziative che sono concreta prevenzione alla\u00a0povert\u00e0 educativa.<\/em>&#8220;.<\/p>\n<p style=\"text-align: justify;\">Al tavolo di coordinamento hanno preso parte molte e qualificate realt\u00e0 che, a Vicenza, offrono diversi percorsi di apprendimento della nostra lingua: oltre ad IPAB per i Minori, al Centro provinciale Istruzione Adulti e agli Istituti Comprensivi 7, 9 e 10, hanno portato la loro esperienza e contributo il Liceo Scientifico &#8220;Quadri&#8221;, il Mezzanino, il Gruppo &#8220;Comunicando&#8221;, la Caritas Diocesana, il Gruppo &#8220;Migrantes&#8221; ed il Gruppo &#8220;Porta Aperta Araceli&#8221;. Il tavolo \u00e8 stato presieduto dal Vicepresidente di IPAB per i Minori e dall&#8217;Assessore ai Servizi Sociali, Matteo Tosetto, che ha portato il contributo dell&#8217;Amministrazione Comunale.<\/p>\n<p style=\"text-align: justify;\">A breve saranno avviate le iniziative di promozione delle varie proposte di scuola di italiano per stranieri in citt\u00e0, con interessanti progetti di visite culturali e di servizi legati alla presenza di minori.<\/p>\n","protected":false},"excerpt":{"rendered":"<p>Si \u00e8 svolto mercoled\u00ec pomeriggio il primo tavolo di coordinamento tra le varie realt\u00e0 cittadine che promuovono scuole di italiano per stranieri. IPAB per i Minori di Vicenza, nell&#8217;ambito delle&#8230;<\/p>\n","protected":false},"author":2,"featured_media":2385,"comment_status":"closed","ping_status":"closed","sticky":false,"template":"","format":"standard","meta":{"footnotes":""},"categories":[1],"tags":[],"_links":{"self":[{"href":"https:\/\/www.ipabperiminoridivicenza.it\/index.php?rest_route=\/wp\/v2\/posts\/2386"}],"collection":[{"href":"https:\/\/www.ipabperiminoridivicenza.it\/index.php?rest_route=\/wp\/v2\/posts"}],"about":[{"href":"https:\/\/www.ipabperiminoridivicenza.it\/index.php?rest_route=\/wp\/v2\/types\/post"}],"author":[{"embeddable":true,"href":"https:\/\/www.ipabperiminoridivicenza.it\/index.php?rest_route=\/wp\/v2\/users\/2"}],"replies":[{"embeddable":true,"href":"https:\/\/www.ipabperiminoridivicenza.it\/index.php?rest_route=%2Fwp%2Fv2%2Fcomments&post=2386"}],"version-history":[{"count":4,"href":"https:\/\/www.ipabperiminoridivicenza.it\/index.php?rest_route=\/wp\/v2\/posts\/2386\/revisions"}],"predecessor-version":[{"id":2390,"href":"https:\/\/www.ipabperiminoridivicenza.it\/index.php?rest_route=\/wp\/v2\/posts\/2386\/revisions\/2390"}],"wp:featuredmedia":[{"embeddable":true,"href":"https:\/\/www.ipabperiminoridivicenza.it\/index.php?rest_route=\/wp\/v2\/media\/2385"}],"wp:attachment":[{"href":"https:\/\/www.ipabperiminoridivicenza.it\/index.php?rest_route=%2Fwp%2Fv2%2Fmedia&parent=2386"}],"wp:term":[{"taxonomy":"category","embeddable":true,"href":"https:\/\/www.ipabperiminoridivicenza.it\/index.php?rest_route=%2Fwp%2Fv2%2Fcategories&post=2386"},{"taxonomy":"post_tag","embeddable":true,"href":"https:\/\/www.ipabperiminoridivicenza.it\/index.php?rest_route=%2Fwp%2Fv2%2Ftags&post=2386"}],"curies":[{"name":"wp","href":"https:\/\/api.w.org\/{rel}","templated":true}]}}