{"id":2353,"date":"2019-08-30T12:01:27","date_gmt":"2019-08-30T10:01:27","guid":{"rendered":"http:\/\/www.ipabperiminoridivicenza.it\/?p=2353"},"modified":"2019-08-30T12:02:09","modified_gmt":"2019-08-30T10:02:09","slug":"intervento-del-presidente-santinon-in-occasione-della-presentazione-poft-comune-di-vicenza","status":"publish","type":"post","link":"https:\/\/www.ipabperiminoridivicenza.it\/?p=2353","title":{"rendered":"INTERVENTO DEL PRESIDENTE SANTINON, PRESENTAZIONE POFT &#8211; COMUNE DI VICENZA."},"content":{"rendered":"<p style=\"text-align: justify;\">La presentazione di un POFT cos\u00ec ricco ed articolato \u00e8 veramente un&#8217;occasione di festa: festa per la scuola vicentina e per la nostra comunit\u00e0, che offre ai pi\u00f9 piccoli stimoli, progetti ed iniziative quanto mai varie ed arricchenti.<\/p>\n<p style=\"text-align: justify;\">Come IPAB per i Minori di Vicenza siamo da anni impegnati a contrastare, con i pochi mezzi a disposizione, quella variegata complessit\u00e0 di disagio che usiamo denominare &#8220;povert\u00e0 educativa&#8221;. Nella cura e protezione del minore non siamo pi\u00f9 infatti di fronte a situazioni di malnutrizione, malattie, abbandono, povert\u00e0 materiale. O, se lo siamo, le percentuali sono infinitesime rispetto ad un passato che non dobbiamo rimpiangere. La povert\u00e0 si \u00e8 spostata oggi sul piano delle mancanze educative, relazionali, formative, di relazione sociale, di crescita\u00a0del minore all&#8217;interno della propria comunit\u00e0, citt\u00e0, Nazione. Difficolt\u00e0 economiche, a volte certo, ma anche linguistiche, di adeguatezza della famiglia di fronte ad esigenze nuove.<\/p>\n<p style=\"text-align: justify;\">Ecco che come IPAB per i Minori mettiamo in campo progetti e proposte che mirano a colmare questa &#8220;nuova povert\u00e0&#8221;: mettiamo in campo, assieme ad una capace rete cittadina (Comune, terzo settore, volontariato, scuola) offerte formative, culturali, relazionali, sportive, di gioco, di educazione&#8230; in grado di offrire ai cittadini di domani -tali sono i nostri minori- ogni opportunit\u00e0 di crescita, in un ambiente che sia qualcosa di diverso e di &#8220;oltre&#8221; rispetto ad uno schermo di smartphone.<\/p>\n<p style=\"text-align: justify;\">Lunga premessa per sottolineare come IPAB per i Minori veda esattamente calzante al proprio modo di agire sul territorio questa preziosa ricchezza del POFT.<\/p>\n<p style=\"text-align: justify;\">Quali sono i punti sui quali IPAB per i Minori potr\u00e0 intervenire, con risorse proprie nell&#8217;anno 2020? Il primo punto di contatto sar\u00e0 necessariamente la sinergia e l&#8217;accordo con l&#8217;Amministrazione Comunale: il fattivo dialogo con l&#8217;Assessore Tolio &#8211; e gli Assessori Celebron e\u00a0Tosetto- ci porter\u00e0 a condividere una linea di azione che possiamo definire di priorit\u00e0 ma anche di indirizzo politico. Su questa linea IPAB per i Minori cercher\u00e0 le risorse necessarie ad attivare uno o pi\u00f9 progetti -qualche idea c&#8217;\u00e8 gi\u00e0- tra quanto \u00e8 contenuto nel POFT. Le risorse, sempre poche e a maggior ragione pochissime di fronte a tanti e bei progetti, impongono delle scelte. Scelte che IPAB effettuer\u00e0 sempre sui bisogni dei pi\u00f9 piccoli e coerentemente alla propria strategia di azione. Una strategia che ha visto -e qui mi rivolgo ai Dirigenti scolastici- sempre quali partner principali gli Istituti Comprensivi.<\/p>\n<p style=\"text-align: justify;\">Credo che\u00a0vi siano tutti gli spazi per importanti collaborazioni, in rete, con un unico focus: il bene del minore e, con esso, della nostra comunit\u00e0.<\/p>\n","protected":false},"excerpt":{"rendered":"<p>La presentazione di un POFT cos\u00ec ricco ed articolato \u00e8 veramente un&#8217;occasione di festa: festa per la scuola vicentina e per la nostra comunit\u00e0, che offre ai pi\u00f9 piccoli stimoli,&#8230;<\/p>\n","protected":false},"author":2,"featured_media":2352,"comment_status":"closed","ping_status":"closed","sticky":false,"template":"","format":"standard","meta":{"footnotes":""},"categories":[1],"tags":[],"_links":{"self":[{"href":"https:\/\/www.ipabperiminoridivicenza.it\/index.php?rest_route=\/wp\/v2\/posts\/2353"}],"collection":[{"href":"https:\/\/www.ipabperiminoridivicenza.it\/index.php?rest_route=\/wp\/v2\/posts"}],"about":[{"href":"https:\/\/www.ipabperiminoridivicenza.it\/index.php?rest_route=\/wp\/v2\/types\/post"}],"author":[{"embeddable":true,"href":"https:\/\/www.ipabperiminoridivicenza.it\/index.php?rest_route=\/wp\/v2\/users\/2"}],"replies":[{"embeddable":true,"href":"https:\/\/www.ipabperiminoridivicenza.it\/index.php?rest_route=%2Fwp%2Fv2%2Fcomments&post=2353"}],"version-history":[{"count":2,"href":"https:\/\/www.ipabperiminoridivicenza.it\/index.php?rest_route=\/wp\/v2\/posts\/2353\/revisions"}],"predecessor-version":[{"id":2355,"href":"https:\/\/www.ipabperiminoridivicenza.it\/index.php?rest_route=\/wp\/v2\/posts\/2353\/revisions\/2355"}],"wp:featuredmedia":[{"embeddable":true,"href":"https:\/\/www.ipabperiminoridivicenza.it\/index.php?rest_route=\/wp\/v2\/media\/2352"}],"wp:attachment":[{"href":"https:\/\/www.ipabperiminoridivicenza.it\/index.php?rest_route=%2Fwp%2Fv2%2Fmedia&parent=2353"}],"wp:term":[{"taxonomy":"category","embeddable":true,"href":"https:\/\/www.ipabperiminoridivicenza.it\/index.php?rest_route=%2Fwp%2Fv2%2Fcategories&post=2353"},{"taxonomy":"post_tag","embeddable":true,"href":"https:\/\/www.ipabperiminoridivicenza.it\/index.php?rest_route=%2Fwp%2Fv2%2Ftags&post=2353"}],"curies":[{"name":"wp","href":"https:\/\/api.w.org\/{rel}","templated":true}]}}