{"id":2341,"date":"2019-08-22T18:03:27","date_gmt":"2019-08-22T16:03:27","guid":{"rendered":"http:\/\/www.ipabperiminoridivicenza.it\/?p=2341"},"modified":"2019-08-22T18:03:27","modified_gmt":"2019-08-22T16:03:27","slug":"ipab-per-i-minori-bene-il-ritorno-delleducazione-civica-non-sia-cenerentola","status":"publish","type":"post","link":"https:\/\/www.ipabperiminoridivicenza.it\/?p=2341","title":{"rendered":"IPAB PER I MINORI: BENE IL RITORNO DELL&#8217;EDUCAZIONE CIVICA. NON SIA CENERENTOLA."},"content":{"rendered":"<p style=\"text-align: justify;\">&#8220;Bene il ritorno dell&#8217;educazione civica nelle scuole.\u00a0Tocca ora ai dirigenti e agli insegnanti\u00a0fare in modo che, per l&#8217;ennesima volta, questa materia non si trasformi in una cenerentola o, peggio, in una meteora.&#8221;.<\/p>\n<p style=\"text-align: justify;\">Il Presidente di IPAB per i Minori di Vicenza,\u00a0<strong>Gian Pietro Santinon<\/strong>, commenta le novit\u00e0 introdotte dalla legge 92\/2019, entrata in vigore ieri.<\/p>\n<p style=\"text-align: justify;\">&#8220;L&#8217;educazione civica rappresenta un investimento per la societ\u00e0 di domani; tanti dei comportamenti lamentati oggi sono il frutto, purtroppo, dell&#8217;abbandono di questa materia che torna, finalmente, all&#8217;interno degli insegnamenti obbligatori nella scuola di ogni ordine e grado. Come IPAB per i Minori non possiamo che apprezzare questa scelta del Legislatore, con alcuni elementi di importante novit\u00e0: educazione ambientale, agenda 2030, elementi di protezione civile, educazione al patrimonio culturale e ai beni pubblici, legalit\u00e0 e lotta alle mafie, cittadinanza digitale.<\/p>\n<p style=\"text-align: justify;\">Educare alla comunit\u00e0, alla democrazia, ai temi e alle identit\u00e0 che ci costituiscono Nazione \u00e8 il miglior investimento che si possa fare per il futuro. E in una scuola sempre pi\u00f9 multi etnica\u00a0diventa elemento di vera educazione all&#8217;integrazione positiva.&#8221;.<\/p>\n","protected":false},"excerpt":{"rendered":"<p>&#8220;Bene il ritorno dell&#8217;educazione civica nelle scuole.\u00a0Tocca ora ai dirigenti e agli insegnanti\u00a0fare in modo che, per l&#8217;ennesima volta, questa materia non si trasformi in una cenerentola o, peggio, in&#8230;<\/p>\n","protected":false},"author":2,"featured_media":2340,"comment_status":"closed","ping_status":"closed","sticky":false,"template":"","format":"standard","meta":{"footnotes":""},"categories":[1],"tags":[],"_links":{"self":[{"href":"https:\/\/www.ipabperiminoridivicenza.it\/index.php?rest_route=\/wp\/v2\/posts\/2341"}],"collection":[{"href":"https:\/\/www.ipabperiminoridivicenza.it\/index.php?rest_route=\/wp\/v2\/posts"}],"about":[{"href":"https:\/\/www.ipabperiminoridivicenza.it\/index.php?rest_route=\/wp\/v2\/types\/post"}],"author":[{"embeddable":true,"href":"https:\/\/www.ipabperiminoridivicenza.it\/index.php?rest_route=\/wp\/v2\/users\/2"}],"replies":[{"embeddable":true,"href":"https:\/\/www.ipabperiminoridivicenza.it\/index.php?rest_route=%2Fwp%2Fv2%2Fcomments&post=2341"}],"version-history":[{"count":1,"href":"https:\/\/www.ipabperiminoridivicenza.it\/index.php?rest_route=\/wp\/v2\/posts\/2341\/revisions"}],"predecessor-version":[{"id":2342,"href":"https:\/\/www.ipabperiminoridivicenza.it\/index.php?rest_route=\/wp\/v2\/posts\/2341\/revisions\/2342"}],"wp:featuredmedia":[{"embeddable":true,"href":"https:\/\/www.ipabperiminoridivicenza.it\/index.php?rest_route=\/wp\/v2\/media\/2340"}],"wp:attachment":[{"href":"https:\/\/www.ipabperiminoridivicenza.it\/index.php?rest_route=%2Fwp%2Fv2%2Fmedia&parent=2341"}],"wp:term":[{"taxonomy":"category","embeddable":true,"href":"https:\/\/www.ipabperiminoridivicenza.it\/index.php?rest_route=%2Fwp%2Fv2%2Fcategories&post=2341"},{"taxonomy":"post_tag","embeddable":true,"href":"https:\/\/www.ipabperiminoridivicenza.it\/index.php?rest_route=%2Fwp%2Fv2%2Ftags&post=2341"}],"curies":[{"name":"wp","href":"https:\/\/api.w.org\/{rel}","templated":true}]}}