{"id":2328,"date":"2019-08-11T12:41:29","date_gmt":"2019-08-11T10:41:29","guid":{"rendered":"http:\/\/www.ipabperiminoridivicenza.it\/?p=2328"},"modified":"2019-08-11T12:41:53","modified_gmt":"2019-08-11T10:41:53","slug":"ipab-per-i-minori-bene-la-proposta-lanzarin-per-nuova-legge-regionale-a-sostegno-della-natalita","status":"publish","type":"post","link":"https:\/\/www.ipabperiminoridivicenza.it\/?p=2328","title":{"rendered":"BENE LA PROPOSTA LANZARIN PER NUOVA LEGGE REGIONALE A SOSTEGNO DELLA NATALITA&#8217;."},"content":{"rendered":"<div class=\"rcmBody\">\n<div class=\"rcmBody\">\n<p style=\"text-align: justify;\"><strong>IPAB PER I MINORI: BENE LA PROPOSTA LANZARIN PER NUOVA LEGGE REGIONALE A SOSTEGNO DELLA NATALITA&#8217;.<\/strong><\/p>\n<p style=\"text-align: justify;\">&#8220;La proposta di legge regionale va nella direzione giusta. Dobbiamo infatti riconoscere come il calo demografico sia la vera emergenza per il futuro della Nazione. Partire da questa consapevolezza -che non risponde certo a rendite elettorali immediate come ci hanno purtroppo abituato ben altre scelte politiche fallimentari, consente di operare nella giusta direzione di sostegno alla natalit\u00e0 e alla genitorialit\u00e0.&#8221;.<\/p>\n<p style=\"text-align: justify;\">Il Presidente di IPAB per i Minori di Vicenza, <strong>Gian Pietro Santinon<\/strong>, commenta con soddisfazione il disegno di legge regionale appena depositato in Consiglio Regionale.<\/p>\n<p style=\"text-align: justify;\">&#8220;Il testo ora all&#8217;esame del Consiglio Regionale garantisce sostegno alla natalit\u00e0 e alla genitorialit\u00e0, disegnando una comunit\u00e0 accogliente verso le nuove vite. Mettere a sistema, in una legge quadro, tutte le politiche regionali attive nel sostegno alla famiglia \u00e8 un&#8217;operazione importante e dotare queste politiche di nuove risorse \u00e8 un&#8217;operazione qualificante per l&#8217;azione della nostra Regione. Come IPAB per i Minori guardiamo con interesse ad alcune importanti novit\u00e0: positiva la scelta di favorire alleanze tra soggetti economici, associazioni e organismi sociali nel territorio nonch\u00e8 la previsione di premialit\u00e0 verso quei Comuni che attiveranno politiche tariffarie agevolate per i nuclei numerosi, con forme di sostegno agli orfani e con sistemi articolati di assistenza genitoriale che promuovano collaborazioni tra servizi pubblici, volontariato e privato sociale.<\/p>\n<p style=\"text-align: justify;\">E&#8217; infatti la rete territoriale la vera risposta alle emergenze attuali per le famiglie ed i minori: la famiglia, spesso e purtroppo, non \u00e8 pi\u00f9 sufficiente, vuoi per difficolt\u00e0 economiche ma anche per la sempre minore assistenza intra-generazionale. La risposta \u00e8 la comunit\u00e0, la citt\u00e0 accogliente e solidale, che sa garantire futuro ai suoi pi\u00f9 piccoli concittadini. Il disegno avviato vede le realt\u00e0 del territorio -numerose, qualificate, generose- chiamate ad un impegno comune di vera sussidiariet\u00e0 a cui questo disegno di legge pu\u00f2 contribuire positivamente.<\/p>\n<p style=\"text-align: justify;\">La certificazione per le strutture che, erogando servizi, pongono particolare attenzione a favore della famiglia e dei minori, infine, non pu\u00f2 che vederci favorevoli: i servizi possono e devono essere erogati anche con un occhio di riguardo alle famiglie con minori, quale sostegno attivo all&#8217;essere genitori. Il Comune di Vicenza sia capofila e innovatore sul territorio.&#8221;.<\/p>\n<\/div>\n<\/div>\n","protected":false},"excerpt":{"rendered":"<p>IPAB PER I MINORI: BENE LA PROPOSTA LANZARIN PER NUOVA LEGGE REGIONALE A SOSTEGNO DELLA NATALITA&#8217;. &#8220;La proposta di legge regionale va nella direzione giusta. Dobbiamo infatti riconoscere come il&#8230;<\/p>\n","protected":false},"author":2,"featured_media":2323,"comment_status":"closed","ping_status":"closed","sticky":false,"template":"","format":"standard","meta":{"footnotes":""},"categories":[1],"tags":[],"_links":{"self":[{"href":"https:\/\/www.ipabperiminoridivicenza.it\/index.php?rest_route=\/wp\/v2\/posts\/2328"}],"collection":[{"href":"https:\/\/www.ipabperiminoridivicenza.it\/index.php?rest_route=\/wp\/v2\/posts"}],"about":[{"href":"https:\/\/www.ipabperiminoridivicenza.it\/index.php?rest_route=\/wp\/v2\/types\/post"}],"author":[{"embeddable":true,"href":"https:\/\/www.ipabperiminoridivicenza.it\/index.php?rest_route=\/wp\/v2\/users\/2"}],"replies":[{"embeddable":true,"href":"https:\/\/www.ipabperiminoridivicenza.it\/index.php?rest_route=%2Fwp%2Fv2%2Fcomments&post=2328"}],"version-history":[{"count":2,"href":"https:\/\/www.ipabperiminoridivicenza.it\/index.php?rest_route=\/wp\/v2\/posts\/2328\/revisions"}],"predecessor-version":[{"id":2330,"href":"https:\/\/www.ipabperiminoridivicenza.it\/index.php?rest_route=\/wp\/v2\/posts\/2328\/revisions\/2330"}],"wp:featuredmedia":[{"embeddable":true,"href":"https:\/\/www.ipabperiminoridivicenza.it\/index.php?rest_route=\/wp\/v2\/media\/2323"}],"wp:attachment":[{"href":"https:\/\/www.ipabperiminoridivicenza.it\/index.php?rest_route=%2Fwp%2Fv2%2Fmedia&parent=2328"}],"wp:term":[{"taxonomy":"category","embeddable":true,"href":"https:\/\/www.ipabperiminoridivicenza.it\/index.php?rest_route=%2Fwp%2Fv2%2Fcategories&post=2328"},{"taxonomy":"post_tag","embeddable":true,"href":"https:\/\/www.ipabperiminoridivicenza.it\/index.php?rest_route=%2Fwp%2Fv2%2Ftags&post=2328"}],"curies":[{"name":"wp","href":"https:\/\/api.w.org\/{rel}","templated":true}]}}