{"id":2218,"date":"2019-05-22T12:00:45","date_gmt":"2019-05-22T10:00:45","guid":{"rendered":"http:\/\/www.ipabperiminoridivicenza.it\/?p=2218"},"modified":"2019-05-22T15:56:52","modified_gmt":"2019-05-22T13:56:52","slug":"ipab-per-i-minori-la-sicurezza-nei-trasporti-scolastici-deve-essere-al-massimo-livello","status":"publish","type":"post","link":"https:\/\/www.ipabperiminoridivicenza.it\/?p=2218","title":{"rendered":"IPAB PER I MINORI: LA SICUREZZA NEI TRASPORTI SCOLASTICI DEVE ESSERE AL MASSIMO LIVELLO."},"content":{"rendered":"<p style=\"text-align: justify;\"><strong>IPAB PER I MINORI: LA SICUREZZA NEI TRASPORTI SCOLASTICI DEVE ESSERE AL MASSIMO LIVELLO.<\/strong><\/p>\n<p style=\"text-align: justify;\">&#8220;L&#8217;episodio di Arqu\u00e0 Petrarca, risoltosi fortunatamente senza gravi danni, deve far riflettere sul livello di sicurezza e vigilanza nei trasporti scolastici e non solo.&#8221;.<\/p>\n<p style=\"text-align: justify;\">Il Presidente di IPAB per i Minori di Vicenza, <strong>Gian Pietro Santinon<\/strong>, interviene sul ribaltamento del pulmino scolastico, con la fuga dell&#8217;autista.<\/p>\n<p style=\"text-align: justify;\">&#8220;Oltre alle fin troppo ovvie dichiarazioni sulla necessit\u00e0 di licenziare l&#8217;autista, l&#8217;interrogativo che dobbiamo in realt\u00e0 porci \u00e8 a quali condizioni vengono svolte le gare per il servizio di trasporto scolastico e quali reali possibilit\u00e0 di vigilanza e controllo siano possibili per i comuni. Non sono accettabili massimi ribassi o subappalti e dovr\u00e0 essere sempre possibile richiedere ogni informazione sulle abilitazioni e patenti degli autisti, ma anche sulle sanzioni subite. Resta incredibile come una persona con precedenti specifici abbia potuto prendere in mano il volante.<\/p>\n<p style=\"text-align: justify;\">Come IPAB per i Minori chiediamo siano attivi monitoraggi continui e segnalazione agli enti locali di ogni sanzione subita da personale addetto al trasporto scolastico. Chi \u00e8 in contatto con i minori in tutta una serie di servizi extra scolastici deve poter certificare ogni cosa, compreso il casellario giudiziario. Oltre a quanto previsto dalle norme, che hanno per\u00f2 manifestato qualche difetto, come IPAB per i Minori intendo richiedere, in forma volontaria ma pregiudiziale, specifiche attestazioni per ogni servizio che richiederemo ai nostri fornitori: non \u00e8 appesantimento burocratico, ma garanzia per i pi\u00f9 piccoli.&#8221;.<\/p>\n","protected":false},"excerpt":{"rendered":"<p>IPAB PER I MINORI: LA SICUREZZA NEI TRASPORTI SCOLASTICI DEVE ESSERE AL MASSIMO LIVELLO. &#8220;L&#8217;episodio di Arqu\u00e0 Petrarca, risoltosi fortunatamente senza gravi danni, deve far riflettere sul livello di sicurezza&#8230;<\/p>\n","protected":false},"author":2,"featured_media":2217,"comment_status":"closed","ping_status":"closed","sticky":false,"template":"","format":"standard","meta":{"footnotes":""},"categories":[1],"tags":[],"_links":{"self":[{"href":"https:\/\/www.ipabperiminoridivicenza.it\/index.php?rest_route=\/wp\/v2\/posts\/2218"}],"collection":[{"href":"https:\/\/www.ipabperiminoridivicenza.it\/index.php?rest_route=\/wp\/v2\/posts"}],"about":[{"href":"https:\/\/www.ipabperiminoridivicenza.it\/index.php?rest_route=\/wp\/v2\/types\/post"}],"author":[{"embeddable":true,"href":"https:\/\/www.ipabperiminoridivicenza.it\/index.php?rest_route=\/wp\/v2\/users\/2"}],"replies":[{"embeddable":true,"href":"https:\/\/www.ipabperiminoridivicenza.it\/index.php?rest_route=%2Fwp%2Fv2%2Fcomments&post=2218"}],"version-history":[{"count":2,"href":"https:\/\/www.ipabperiminoridivicenza.it\/index.php?rest_route=\/wp\/v2\/posts\/2218\/revisions"}],"predecessor-version":[{"id":2220,"href":"https:\/\/www.ipabperiminoridivicenza.it\/index.php?rest_route=\/wp\/v2\/posts\/2218\/revisions\/2220"}],"wp:featuredmedia":[{"embeddable":true,"href":"https:\/\/www.ipabperiminoridivicenza.it\/index.php?rest_route=\/wp\/v2\/media\/2217"}],"wp:attachment":[{"href":"https:\/\/www.ipabperiminoridivicenza.it\/index.php?rest_route=%2Fwp%2Fv2%2Fmedia&parent=2218"}],"wp:term":[{"taxonomy":"category","embeddable":true,"href":"https:\/\/www.ipabperiminoridivicenza.it\/index.php?rest_route=%2Fwp%2Fv2%2Fcategories&post=2218"},{"taxonomy":"post_tag","embeddable":true,"href":"https:\/\/www.ipabperiminoridivicenza.it\/index.php?rest_route=%2Fwp%2Fv2%2Ftags&post=2218"}],"curies":[{"name":"wp","href":"https:\/\/api.w.org\/{rel}","templated":true}]}}