{"id":2113,"date":"2019-03-22T18:04:56","date_gmt":"2019-03-22T17:04:56","guid":{"rendered":"http:\/\/www.ipabperiminoridivicenza.it\/?p=2113"},"modified":"2019-03-22T18:04:56","modified_gmt":"2019-03-22T17:04:56","slug":"presentato-il-volume-dallopera-pia-allistituzione-pubblica","status":"publish","type":"post","link":"https:\/\/www.ipabperiminoridivicenza.it\/?p=2113","title":{"rendered":"PRESENTATO IL VOLUME &#8220;DALL&#8217;OPERA PIA ALL&#8217;ISTITUZIONE PUBBLICA&#8221;."},"content":{"rendered":"<p align=\"JUSTIFY\"><span style=\"color: #000000;\">\u201c<span style=\"font-family: Times New Roman, serif;\"><span style=\"font-size: medium;\"><strong><em>Dall&#8217;opera pia all&#8217;istituzione pubblica. Una storia raccontata attraverso gli archivi<\/em><\/strong>\u201d \u00e8 il titolo del volume presentato questa mattina nella Sala degli Stucchi di Palazzo Trissino alla presenza dell&#8217;assessore alla famiglia e alla comunit\u00e0 Silvia Maino e del presidente di IPAB per i Minori Mario Zocche.<\/span><\/span><\/span><\/p>\n<p align=\"JUSTIFY\"><span style=\"color: #000000;\"><span style=\"font-family: Times New Roman, serif;\"><span style=\"font-size: medium;\">La pubblicazione raccoglie, dopo il primo lustro di attivit\u00e0 di IPAB per i Minori, gli archivi e la storia delle quattro Opere Pie da cui l&#8217;istituzione discende, proseguendone l&#8217;attivit\u00e0: l&#8217;Opera Pia Ospizi Marini, l&#8217;Ambulatorio pediatrico Principe di Piemonte, la Colonia alpina Umberto I e l&#8217;Opera Pia Cordellina, realt\u00e0 che tra Ottocento e Novecento promossero interventi decisamente innovativi per l&#8217;epoca, allo scopo di assicurare istruzione, prevenzione e cura ai minori indigenti della citt\u00e0.<\/span><\/span><\/span><\/p>\n<p align=\"JUSTIFY\"><span style=\"color: #000000;\"><span style=\"font-family: Times New Roman, serif;\"><span style=\"font-size: medium;\">Come ha ricordato il <strong>sindaco Francesco Rucco<\/strong> nella prefazione, il volume, arricchito da un ricco repertorio fotografico, consegna alla citt\u00e0 e agli studiosi &#8220;una storia ed un patrimonio importanti, che in questi anni sono stati valorizzati e incrementati in termini di qualit\u00e0 e quantit\u00e0 delle azioni&#8221;, con l&#8217;auspicio che si prosegua su questa strada perch\u00e9 \u201csolo una comunit\u00e0 che sa prendersi cura dei pi\u00f9 piccoli, in tutte le sfide educative ed assistenziali dei giorni nostri, pu\u00f2 dirsi matura e coesa&#8221;.<\/span><\/span><\/span><\/p>\n<p align=\"JUSTIFY\"><span style=\"color: #000000;\">\u201c<span style=\"font-family: Times New Roman, serif;\"><span style=\"font-size: medium;\">Significativo \u2013 ha detto l&#8217;assessore <\/span><\/span><span style=\"font-family: Times New Roman, serif;\"><span style=\"color: #000000;\"><b>Silvia<\/b><\/span> <span style=\"color: #000000;\"><b>Maino<\/b><\/span><span style=\"color: #000000;\"> \u2013 \u00e8 rilevare come realt\u00e0 nate nei secoli scorsi per far fronte a necessit\u00e0 di carattere prettamente sanitario si siano via via concentrate sull&#8217;aiuto alle famiglie bisognose in relazione all&#8217;aspetto educativo, tema assolutamente attuale anche ai giorni nostri. Ora che la guida di IPAB per i Minori si avvia ad un naturale ricambio, nel ringraziare il consiglio di amministrazione uscente per l&#8217;impegno profuso, l&#8217;augurio dell&#8217;amministrazione comunale \u00e8 che si prosegua sulla strada tracciata a sostegno dei bambini pi\u00f9 svantaggiati\u201d.<\/span><\/span><\/span><\/p>\n<p align=\"JUSTIFY\"><span style=\"font-family: Times New Roman, serif;\"><span style=\"font-size: medium;\"><span style=\"color: #000000;\"><br \/>\n\u201cNel sottolineare la positivit\u00e0 della fusione delle quattro Opere Pie \u2013 ha aggiunto il presidente <\/span><span style=\"color: #000000;\"><b>Mario Zocche<\/b><\/span><span style=\"color: #000000;\"> \u2013 oggi riorganizzate in un unico ente la cui attivit\u00e0 \u00e8 fortemente agganciata alla programmazione comunale, con questo libro consegniamo alla comunit\u00e0 la testimonianza di quanto ciascuna delle quattro realt\u00e0 ha fatto per i minori\u201d.<\/span><\/span><\/span><\/p>\n<p align=\"JUSTIFY\"><span style=\"color: #000000;\"><span style=\"font-family: Times New Roman, serif;\"><span style=\"font-size: medium;\">La pubblicazione \u00e8 stata curata da Antonio Ranzolin, responsabile per molti anni del protocollo e dell&#8217;archivio comunale. I testi sono stati redatti, oltre che da Ranzolin, dal presidente Mario Zocche e dal segretario direttore Marco Bonafede, che ha collaborato anche alla ricerca fotografica. Ideazione, editing e coordinamento grafico sono di Giovanni Nicola Roca.<\/span><\/span><\/span><\/p>\n","protected":false},"excerpt":{"rendered":"<p>\u201cDall&#8217;opera pia all&#8217;istituzione pubblica. Una storia raccontata attraverso gli archivi\u201d \u00e8 il titolo del volume presentato questa mattina nella Sala degli Stucchi di Palazzo Trissino alla presenza dell&#8217;assessore alla famiglia&#8230;<\/p>\n","protected":false},"author":2,"featured_media":2116,"comment_status":"closed","ping_status":"closed","sticky":false,"template":"","format":"standard","meta":{"footnotes":""},"categories":[1],"tags":[],"_links":{"self":[{"href":"https:\/\/www.ipabperiminoridivicenza.it\/index.php?rest_route=\/wp\/v2\/posts\/2113"}],"collection":[{"href":"https:\/\/www.ipabperiminoridivicenza.it\/index.php?rest_route=\/wp\/v2\/posts"}],"about":[{"href":"https:\/\/www.ipabperiminoridivicenza.it\/index.php?rest_route=\/wp\/v2\/types\/post"}],"author":[{"embeddable":true,"href":"https:\/\/www.ipabperiminoridivicenza.it\/index.php?rest_route=\/wp\/v2\/users\/2"}],"replies":[{"embeddable":true,"href":"https:\/\/www.ipabperiminoridivicenza.it\/index.php?rest_route=%2Fwp%2Fv2%2Fcomments&post=2113"}],"version-history":[{"count":2,"href":"https:\/\/www.ipabperiminoridivicenza.it\/index.php?rest_route=\/wp\/v2\/posts\/2113\/revisions"}],"predecessor-version":[{"id":2119,"href":"https:\/\/www.ipabperiminoridivicenza.it\/index.php?rest_route=\/wp\/v2\/posts\/2113\/revisions\/2119"}],"wp:featuredmedia":[{"embeddable":true,"href":"https:\/\/www.ipabperiminoridivicenza.it\/index.php?rest_route=\/wp\/v2\/media\/2116"}],"wp:attachment":[{"href":"https:\/\/www.ipabperiminoridivicenza.it\/index.php?rest_route=%2Fwp%2Fv2%2Fmedia&parent=2113"}],"wp:term":[{"taxonomy":"category","embeddable":true,"href":"https:\/\/www.ipabperiminoridivicenza.it\/index.php?rest_route=%2Fwp%2Fv2%2Fcategories&post=2113"},{"taxonomy":"post_tag","embeddable":true,"href":"https:\/\/www.ipabperiminoridivicenza.it\/index.php?rest_route=%2Fwp%2Fv2%2Ftags&post=2113"}],"curies":[{"name":"wp","href":"https:\/\/api.w.org\/{rel}","templated":true}]}}