{"id":2020,"date":"2019-02-05T15:30:24","date_gmt":"2019-02-05T14:30:24","guid":{"rendered":"http:\/\/www.ipabperiminoridivicenza.it\/?p=2020"},"modified":"2019-02-05T15:31:50","modified_gmt":"2019-02-05T14:31:50","slug":"comune-di-vicenza-un-incontro-sui-primi-tre-anni-di-vita-del-bambino-6-o-7-febbraio-al-polo-b55","status":"publish","type":"post","link":"https:\/\/www.ipabperiminoridivicenza.it\/?p=2020","title":{"rendered":"COMUNE DI VICENZA, UN INCONTRO SUI PRIMI TRE ANNI DI VITA. 6 o 7 FEBBRAIO AL POLO B55."},"content":{"rendered":"<p style=\"text-align: justify;\">Dal sito del Comune di Vicenza:<\/p>\n<p style=\"text-align: justify;\"><span style=\"font-family: 'Georgia','serif'; color: #333333; background: white;\">Sar\u00e0 proposto in due date, <strong>mercoled\u00ec 6 (alle 14) e gioved\u00ec 7 febbraio (alle 20)<\/strong>, al <strong>polo giovani B55 di contra&#8217; Barche 55<\/strong> l&#8217;incontro su &#8220;I primi 3 anni di vita. Costruiamo il futuro dei nostri figli&#8221; per imparare a sviluppare le competenze dei figli attraverso l&#8217;osservazione e il gioco attivo.<\/span><\/p>\n<p style=\"text-align: justify;\"><span style=\"font-family: 'Georgia','serif'; color: #333333; background: white;\">L&#8217;iniziativa \u00e8 a cura di Rotary Club Vicenza Berici in collaborazione con l&#8217;azienda Ulss 8 Berica, l&#8217;associazione ABAut e l&#8217;assessorato alla formazione del Comune di Vicenza, e rientra nell&#8217;ambito del progetto &#8220;I precursori: intercettazione precoce dei disturbi dei disturbi del neuro sviluppo&#8221;, un\u00a0percorso formativo, articolato in assemblee ed incontri, all&#8217;interno negli asili nido della citt\u00e0 volto alla diagnosi precoce dei disturbi del neurosviluppo.<\/span><\/p>\n<p style=\"text-align: justify; font-variant-ligatures: normal; font-variant-caps: normal; orphans: 2; widows: 2; -webkit-text-stroke-width: 0px; text-decoration-style: initial; text-decoration-color: initial; word-spacing: 0px;\"><span style=\"font-family: 'Georgia','serif'; color: #333333; background: white;\">Interverranno la dottoressa Elena Finotti, neuropsichiatra infantile, e la dottoressa Monica Rigotti, psicologa e analista del comportamento BCBA.<\/span><\/p>\n<p style=\"text-align: justify;\"><span style=\"font-family: 'Georgia','serif'; color: #333333; background: white;\">I genitori interessati potranno scegliere una delle due date e confermare la propria presenza rivolgendosi alle educatrici del nido frequentante dal proprio bambino.<\/span><\/p>\n<p style=\"text-align: justify; font-variant-ligatures: normal; font-variant-caps: normal; orphans: 2; widows: 2; -webkit-text-stroke-width: 0px; text-decoration-style: initial; text-decoration-color: initial; word-spacing: 0px;\"><span style=\"font-family: 'Georgia','serif'; color: #333333; background: white;\">Nel corso degli ultimi 12 mesi gli asili nido della citt\u00e0 sono stati teatro di una sperimentazione importante per il futuro delle diagnosi precoci nei disturbi del neurosviluppo. Il progetto, nato pi\u00f9 di un anno fa in risposta alle sempre pi\u00f9 frequenti evidenze provenienti dalla comunit\u00e0 scientifica internazionale, si poneva l&#8217;obiettivo di sviluppare uno strumento di osservazione in grado di intercettare i primissimi segnali di possibili problematiche nello sviluppo dei bambini, utilizzabile dagli educatori degli asili nido all&#8217;interno delle normali attivit\u00e0 didattiche. In pratica, anticipare &#8211; rispetto a quanto avviene oggi &#8211; la &#8220;scoperta&#8221; di eventuali disturbi, avviando precocemente, e quindi con maggiore efficacia, importanti azioni di stimolazione e\/o modificazioni ambientali che si sono dimostrate determinanti nel mitigare gli effetti del disturbo nella crescita dei bambini.<\/span><\/p>\n<p style=\"text-align: justify; font-variant-ligatures: normal; font-variant-caps: normal; orphans: 2; widows: 2; -webkit-text-stroke-width: 0px; text-decoration-style: initial; text-decoration-color: initial; word-spacing: 0px;\">Tutte le info al seguente <a href=\"https:\/\/www.comune.vicenza.it\/albo\/notizie\/notizie.php\/217558\">link<\/a><\/p>\n","protected":false},"excerpt":{"rendered":"<p>Dal sito del Comune di Vicenza: Sar\u00e0 proposto in due date, mercoled\u00ec 6 (alle 14) e gioved\u00ec 7 febbraio (alle 20), al polo giovani B55 di contra&#8217; Barche 55 l&#8217;incontro&#8230;<\/p>\n","protected":false},"author":2,"featured_media":2022,"comment_status":"closed","ping_status":"closed","sticky":false,"template":"","format":"standard","meta":{"footnotes":""},"categories":[1],"tags":[],"_links":{"self":[{"href":"https:\/\/www.ipabperiminoridivicenza.it\/index.php?rest_route=\/wp\/v2\/posts\/2020"}],"collection":[{"href":"https:\/\/www.ipabperiminoridivicenza.it\/index.php?rest_route=\/wp\/v2\/posts"}],"about":[{"href":"https:\/\/www.ipabperiminoridivicenza.it\/index.php?rest_route=\/wp\/v2\/types\/post"}],"author":[{"embeddable":true,"href":"https:\/\/www.ipabperiminoridivicenza.it\/index.php?rest_route=\/wp\/v2\/users\/2"}],"replies":[{"embeddable":true,"href":"https:\/\/www.ipabperiminoridivicenza.it\/index.php?rest_route=%2Fwp%2Fv2%2Fcomments&post=2020"}],"version-history":[{"count":3,"href":"https:\/\/www.ipabperiminoridivicenza.it\/index.php?rest_route=\/wp\/v2\/posts\/2020\/revisions"}],"predecessor-version":[{"id":2024,"href":"https:\/\/www.ipabperiminoridivicenza.it\/index.php?rest_route=\/wp\/v2\/posts\/2020\/revisions\/2024"}],"wp:featuredmedia":[{"embeddable":true,"href":"https:\/\/www.ipabperiminoridivicenza.it\/index.php?rest_route=\/wp\/v2\/media\/2022"}],"wp:attachment":[{"href":"https:\/\/www.ipabperiminoridivicenza.it\/index.php?rest_route=%2Fwp%2Fv2%2Fmedia&parent=2020"}],"wp:term":[{"taxonomy":"category","embeddable":true,"href":"https:\/\/www.ipabperiminoridivicenza.it\/index.php?rest_route=%2Fwp%2Fv2%2Fcategories&post=2020"},{"taxonomy":"post_tag","embeddable":true,"href":"https:\/\/www.ipabperiminoridivicenza.it\/index.php?rest_route=%2Fwp%2Fv2%2Ftags&post=2020"}],"curies":[{"name":"wp","href":"https:\/\/api.w.org\/{rel}","templated":true}]}}