{"id":2004,"date":"2019-01-26T08:54:12","date_gmt":"2019-01-26T07:54:12","guid":{"rendered":"http:\/\/www.ipabperiminoridivicenza.it\/?p=2004"},"modified":"2019-01-26T16:36:03","modified_gmt":"2019-01-26T15:36:03","slug":"giornata-della-memoria-ricodiamo-i-bambini-coinvolti-nella-shoah","status":"publish","type":"post","link":"https:\/\/www.ipabperiminoridivicenza.it\/?p=2004","title":{"rendered":"GIORNATA DELLA MEMORIA: RICORDIAMO I BAMBINI COINVOLTI NELLA SHOAH."},"content":{"rendered":"<p align=\"JUSTIFY\">&#8220;La Giornata della Memoria sia occasione per ricordare anche i tanti minori coinvolti nella follia della Shoah&#8221;.<\/p>\n<p align=\"JUSTIFY\">Il Presidente di IPAB per i Minori di Vicenza, <strong>prof. Mario Zocche<\/strong>, interviene in dei temi e delle riflessioni poste dalla &#8220;Giornata della Memoria&#8221;.<\/p>\n<p align=\"JUSTIFY\">&#8220;E&#8217; impossibile stabilire una priorit\u00e0 o una maggiore importanza nel fare memoria tra i milioni di vittime dell&#8217;Olocausto nazista. Ma ritengo doverosa una riflessione sui tanti bambini vittime nei campi di sterminio, nelle pulizie etniche, nei programmi di eutanasia, nelle fucilazioni di massa. Proprio i bambini rappresentano sempre il futuro della nostra stessa umanit\u00e0 e civilt\u00e0, gi\u00e0 negate dalla stessa Shoah. Ma coinvolgere nello sterminio i pi\u00f9 deboli, i pi\u00f9 piccoli, chi senza colpa alcuna avrebbe avuto invece bisogno di maggiore tutela e protezione \u00e8 un crimine all&#8217;interno di un crimine.<\/p>\n<p align=\"JUSTIFY\">Il nostro pensiero va oggi non solo ai tanti bambini ebrei, che hanno seguito la tragica sorte dei loro genitori, ma anche ai Rom e Sinti, ai disabili, ai bambini semplicemente &#8216;non ariani&#8217;: centinaia di migliaia di minori che, nel momento cruciale della crescita e della costruzione della propria identit\u00e0, sono stati posti di fronte all&#8217;errata consapevolezza di essere &#8220;diversi&#8221;, soggetti a pregiudizi ed ostilit\u00e0 che fino ad allora essi non avevano conosciuto in modo cos\u00ec diretto. E&#8217; stata questa una negazione profonda dei diritti di ogni minore, condotta poi fino alle estreme conseguenze.<\/p>\n<p align=\"JUSTIFY\">Un ricordo che \u00e8 doppiamente doveroso perch\u00e9 proprio quei minori, sottoposti ad ogni prova dalla vita, sono oggi gli ultimi testimoni di tanta tragedia; voci chiare e mai rassegnate che dobbiamo ascoltare con determinazione, contro ogni forma di negazionismo. Come IPAB per i Minori di Vicenza vogliamo ricordare quindi i pi\u00f9 piccoli che, con un triangolo di qualsiasi colore, sono stati privati del loro futuro; privando di tanti futuri anche la nostra stessa civilt\u00e0.&#8221;.<\/p>\n<p>&nbsp;<\/p>\n","protected":false},"excerpt":{"rendered":"<p>&#8220;La Giornata della Memoria sia occasione per ricordare anche i tanti minori coinvolti nella follia della Shoah&#8221;. Il Presidente di IPAB per i Minori di Vicenza, prof. Mario Zocche, interviene&#8230;<\/p>\n","protected":false},"author":2,"featured_media":2001,"comment_status":"closed","ping_status":"closed","sticky":false,"template":"","format":"standard","meta":{"footnotes":""},"categories":[1],"tags":[],"_links":{"self":[{"href":"https:\/\/www.ipabperiminoridivicenza.it\/index.php?rest_route=\/wp\/v2\/posts\/2004"}],"collection":[{"href":"https:\/\/www.ipabperiminoridivicenza.it\/index.php?rest_route=\/wp\/v2\/posts"}],"about":[{"href":"https:\/\/www.ipabperiminoridivicenza.it\/index.php?rest_route=\/wp\/v2\/types\/post"}],"author":[{"embeddable":true,"href":"https:\/\/www.ipabperiminoridivicenza.it\/index.php?rest_route=\/wp\/v2\/users\/2"}],"replies":[{"embeddable":true,"href":"https:\/\/www.ipabperiminoridivicenza.it\/index.php?rest_route=%2Fwp%2Fv2%2Fcomments&post=2004"}],"version-history":[{"count":3,"href":"https:\/\/www.ipabperiminoridivicenza.it\/index.php?rest_route=\/wp\/v2\/posts\/2004\/revisions"}],"predecessor-version":[{"id":2008,"href":"https:\/\/www.ipabperiminoridivicenza.it\/index.php?rest_route=\/wp\/v2\/posts\/2004\/revisions\/2008"}],"wp:featuredmedia":[{"embeddable":true,"href":"https:\/\/www.ipabperiminoridivicenza.it\/index.php?rest_route=\/wp\/v2\/media\/2001"}],"wp:attachment":[{"href":"https:\/\/www.ipabperiminoridivicenza.it\/index.php?rest_route=%2Fwp%2Fv2%2Fmedia&parent=2004"}],"wp:term":[{"taxonomy":"category","embeddable":true,"href":"https:\/\/www.ipabperiminoridivicenza.it\/index.php?rest_route=%2Fwp%2Fv2%2Fcategories&post=2004"},{"taxonomy":"post_tag","embeddable":true,"href":"https:\/\/www.ipabperiminoridivicenza.it\/index.php?rest_route=%2Fwp%2Fv2%2Ftags&post=2004"}],"curies":[{"name":"wp","href":"https:\/\/api.w.org\/{rel}","templated":true}]}}