{"id":1492,"date":"2017-10-28T08:15:17","date_gmt":"2017-10-28T06:15:17","guid":{"rendered":"http:\/\/www.ipabperiminoridivicenza.it\/?p=1492"},"modified":"2017-10-28T08:15:17","modified_gmt":"2017-10-28T06:15:17","slug":"anno-scolastico-2017-2018-riparte-insieme-ce-la-facciamo","status":"publish","type":"post","link":"https:\/\/www.ipabperiminoridivicenza.it\/?p=1492","title":{"rendered":"ANNO SCOLASTICO 2017 &#8211; 2018, RIPARTE &#8220;INSIEME CE LA FACCIAMO&#8221;."},"content":{"rendered":"<p style=\"text-align: justify;\">IPAB PER I MINORI VICENZA: ANCHE PER ANNO SCOLASTICO\u00a02017 &#8211; 2018\u00a0ATTIVATO IL PROGETTO INSIEME CE LA FACCIAMO.<\/p>\n<p>Anche per l&#8217;anno scolastico\u00a02017 &#8211; 2018\u00a0IPAB per i Minori di Vicenza promuove il progetto &#8220;Insieme ce la facciamo&#8221;, rivolto agli Istituti Comprensivi della citt\u00e0.<\/p>\n<p>L&#8217;iniziativa, che vede IPAB per i Minori finanziare progetti sviluppati dalle singole realt\u00e0 scolastiche, intende\u00a0 estendere oltre l&#8217;orario scolastico lo spazio-tempo educativo dedicato a minori in condizioni di disagio socio-economico-culturale nonch\u00e9 a sviluppare competenze per l&#8217;apprendimento permanente, con attivit\u00e0 didattiche inclusive a favore degli alunni in condizioni di disagio condotte nella forma laboratoriale. L&#8217;iniziativa, inoltre, intende incrementare la collaborazione fra la scuola e gli attori extrascolastici con funzioni educative (es.: assistenti sociali, cooperative educative, doposcuola delle parrocchie, associazioni diverse). Gli interventi delle scuole dovranno essere strutturati e rivolti a pi\u00f9 alunni che vivono in situazioni di disagio economico, anche associato a difficolt\u00e0 di apprendimento e\/o disturbi di comportamento, inseriti in gruppi preferibilmente inclusivi.<\/p>\n<p>L&#8217;iniziativa di IPAB per i Minori di Vicenza \u00e8 rivolta ad intervenire sui profili di povert\u00e0 educativa che, privando delle opportunit\u00e0 di crescita e formazione troppi\u00a0bambini e adolescenti in Italia, genera l\u2019impossibilit\u00e0 per i minori di apprendere, sperimentare, sviluppare e far fiorire liberamente capacit\u00e0, talenti e aspirazioni. \u00c8 una povert\u00e0 che nessuno vede, nessuno denuncia, ma che agisce sulla capacit\u00e0 di ciascun ragazzo di scoprirsi e coltivare le proprie inclinazioni e il proprio talento.<\/p>\n<p>Il progetto risponde ad esigenze quanto mai pressanti della comunit\u00e0 vicentina, rendendo attuale l&#8217;impegno e la missione di IPAB per i Minori, che fonda le sue radici secolari proprio sul sostegno, con interventi educativi e formativi, nei confronti dei minori in situazione di disagio.<\/p>\n","protected":false},"excerpt":{"rendered":"<p>IPAB PER I MINORI VICENZA: ANCHE PER ANNO SCOLASTICO\u00a02017 &#8211; 2018\u00a0ATTIVATO IL PROGETTO INSIEME CE LA FACCIAMO. Anche per l&#8217;anno scolastico\u00a02017 &#8211; 2018\u00a0IPAB per i Minori di Vicenza promuove il&#8230;<\/p>\n","protected":false},"author":2,"featured_media":1493,"comment_status":"closed","ping_status":"closed","sticky":false,"template":"","format":"standard","meta":{"footnotes":""},"categories":[1],"tags":[],"_links":{"self":[{"href":"https:\/\/www.ipabperiminoridivicenza.it\/index.php?rest_route=\/wp\/v2\/posts\/1492"}],"collection":[{"href":"https:\/\/www.ipabperiminoridivicenza.it\/index.php?rest_route=\/wp\/v2\/posts"}],"about":[{"href":"https:\/\/www.ipabperiminoridivicenza.it\/index.php?rest_route=\/wp\/v2\/types\/post"}],"author":[{"embeddable":true,"href":"https:\/\/www.ipabperiminoridivicenza.it\/index.php?rest_route=\/wp\/v2\/users\/2"}],"replies":[{"embeddable":true,"href":"https:\/\/www.ipabperiminoridivicenza.it\/index.php?rest_route=%2Fwp%2Fv2%2Fcomments&post=1492"}],"version-history":[{"count":1,"href":"https:\/\/www.ipabperiminoridivicenza.it\/index.php?rest_route=\/wp\/v2\/posts\/1492\/revisions"}],"predecessor-version":[{"id":1494,"href":"https:\/\/www.ipabperiminoridivicenza.it\/index.php?rest_route=\/wp\/v2\/posts\/1492\/revisions\/1494"}],"wp:featuredmedia":[{"embeddable":true,"href":"https:\/\/www.ipabperiminoridivicenza.it\/index.php?rest_route=\/wp\/v2\/media\/1493"}],"wp:attachment":[{"href":"https:\/\/www.ipabperiminoridivicenza.it\/index.php?rest_route=%2Fwp%2Fv2%2Fmedia&parent=1492"}],"wp:term":[{"taxonomy":"category","embeddable":true,"href":"https:\/\/www.ipabperiminoridivicenza.it\/index.php?rest_route=%2Fwp%2Fv2%2Fcategories&post=1492"},{"taxonomy":"post_tag","embeddable":true,"href":"https:\/\/www.ipabperiminoridivicenza.it\/index.php?rest_route=%2Fwp%2Fv2%2Ftags&post=1492"}],"curies":[{"name":"wp","href":"https:\/\/api.w.org\/{rel}","templated":true}]}}